{"id":91925,"date":"2025-11-14T13:26:10","date_gmt":"2025-11-14T16:26:10","guid":{"rendered":"https:\/\/bodegagarzon.com\/blog\/de-los-andes-al-atlantico-un-recorrido-por-los-terrunos-mas-emblematicos-de-sudamerica\/"},"modified":"2025-11-14T13:29:35","modified_gmt":"2025-11-14T16:29:35","slug":"de-los-andes-al-atlantico-un-recorrido-por-los-terrunos-mas-emblematicos-de-sudamerica","status":"publish","type":"post","link":"https:\/\/bodegagarzon.com\/pt\/blog\/de-los-andes-al-atlantico-un-recorrido-por-los-terrunos-mas-emblematicos-de-sudamerica\/","title":{"rendered":"Dos Andes ao Atl\u00e2ntico. Um percurso pelos terroirs mais emblem\u00e1ticos da Am\u00e9rica do Sul"},"content":{"rendered":"<p data-start=\"3519\" data-end=\"3811\">A Am\u00e9rica do Sul \u00e9 uma terra de contrastes extremos. Cordilheiras nevadas, vales ensolarados, selvas, pampas e costas oce\u00e2nicas formam um continente onde a natureza dita o ritmo do vinho. Em cada canto, o terroir deixa sua marca, e cada ta\u00e7a conta uma hist\u00f3ria de clima, solo e paix\u00e3o humana.<\/p>\n<p data-start=\"3813\" data-end=\"3849\"><strong data-start=\"3813\" data-end=\"3849\">Os Andes: altitude, sol e pureza<\/strong><\/p>\n<p data-start=\"3851\" data-end=\"4116\">No cora\u00e7\u00e3o do continente, os Andes se erguem como uma coluna vertebral que define parte do pulso do vinho sul-americano. A seus p\u00e9s, os vinhedos da Argentina e do Chile se agarram a solos pobres e pedregosos, desafiando a altitude para alcan\u00e7ar uma express\u00e3o \u00fanica.<\/p>\n<p data-start=\"4118\" data-end=\"4399\">Em Mendoza, ber\u00e7o do Malbec, o sol brilha com intensidade durante o dia, enquanto as noites frescas preservam a acidez natural das uvas. Os vinhos que nascem ali s\u00e3o potentes, profundos e cheios de car\u00e1ter, com taninos firmes e um cora\u00e7\u00e3o frutado que reflete a energia da montanha.<\/p>\n<p data-start=\"4401\" data-end=\"4702\">Do outro lado da cordilheira, os vales de Casablanca e Maipo, no Chile, combinam a influ\u00eancia do Pac\u00edfico com a for\u00e7a dos solos andinos. O resultado s\u00e3o Sauvignon Blancs vibrantes e Cabernet Sauvignons elegantes, onde o equil\u00edbrio entre frescor e estrutura define uma identidade marcada pela precis\u00e3o.<\/p>\n<p data-start=\"4704\" data-end=\"4748\"><strong data-start=\"4704\" data-end=\"4748\">Do altiplano ao Atl\u00e2ntico: novos olhares<\/strong><\/p>\n<p data-start=\"4750\" data-end=\"5218\">\u00c0 medida que o mapa avan\u00e7a para o leste, a paisagem muda \u2014 e os vinhos tamb\u00e9m. Nos Vales Calchaqu\u00edes e no Vale do Uco, altitudes acima de 2.000 metros desafiam a l\u00f3gica vitivin\u00edcola tradicional. Ali, o sol intenso, a ampla amplitude t\u00e9rmica e os solos arenosos criam condi\u00e7\u00f5es extremas que se traduzem em vinhos concentrados e arom\u00e1ticos, mas cada vez mais refinados e expressivos gra\u00e7as a uma nova gera\u00e7\u00e3o de en\u00f3logos que entende que o poder tamb\u00e9m pode ser sutileza.<\/p>\n<p data-start=\"5220\" data-end=\"5430\">Al\u00e9m da montanha, o Atl\u00e2ntico espera. Nas colinas do leste do Uruguai, a paisagem torna-se mais suave, verde e ondulada. A proximidade do mar muda tudo: a umidade, a brisa, a luz, o ritmo de matura\u00e7\u00e3o das uvas.<\/p>\n<p data-start=\"5432\" data-end=\"5477\"><strong data-start=\"5432\" data-end=\"5477\">Garz\u00f3n: onde a terra e o mar se encontram<\/strong><\/p>\n<p data-start=\"5479\" data-end=\"5848\">\u00c9 ali, nas serras de Garz\u00f3n, que a viagem encontra seu ponto mais singular. Nesse canto do Uruguai, a poucos quil\u00f4metros do oceano, o terroir combina elementos \u00fanicos no mundo: solos de balasto \u2014 uma rocha antiga e fraturada que drena com precis\u00e3o e aporta mineralidade \u2014 e um microclima atl\u00e2ntico que modera as temperaturas e permite uma matura\u00e7\u00e3o lenta e equilibrada.<\/p>\n<p data-start=\"5850\" data-end=\"6110\">O resultado s\u00e3o vinhos com identidade pr\u00f3pria: frescos, tensos, elegantes, com uma pureza que reflete a ess\u00eancia do lugar. Brancos que evocam brisa marinha e c\u00edtricos vibrantes; tintos de textura delicada e notas minerais que remetem \u00e0 terra que os viu nascer.<\/p>\n<p data-start=\"6112\" data-end=\"6331\">Na Bodega Garz\u00f3n, a viticultura \u00e9 uma conversa constante entre o homem e a natureza. Cada parcela, cada vinha, cada ta\u00e7a \u00e9 uma interpreta\u00e7\u00e3o do entorno \u2014 uma homenagem ao equil\u00edbrio entre inova\u00e7\u00e3o e respeito pela terra.<\/p>\n<p data-start=\"6333\" data-end=\"6532\">Dos Andes ao Atl\u00e2ntico, a Am\u00e9rica do Sul revela sua diversidade enol\u00f3gica como uma viagem de descobertas. Da intensidade da altitude ao frescor do mar, os vinhos do continente celebram sua geografia.<\/p>\n<p data-start=\"6534\" data-end=\"6640\">E na Bodega Garz\u00f3n, essa hist\u00f3ria atinge sua express\u00e3o mais pura, mais elegante e profundamente atl\u00e2ntica.<\/p>\n","protected":false},"excerpt":{"rendered":"<p>A Am\u00e9rica do Sul \u00e9 uma terra de contrastes extremos. Cordilheiras nevadas, vales ensolarados, selvas, pampas e costas oce\u00e2nicas formam um continente onde a natureza dita o ritmo do vinho. Em cada canto, o terroir deixa sua marca, e cada ta\u00e7a conta uma hist\u00f3ria de clima, solo e paix\u00e3o humana.<\/p>\n","protected":false},"author":15,"featured_media":91922,"comment_status":"closed","ping_status":"closed","sticky":false,"template":"","format":"standard","meta":{"inline_featured_image":false,"generate_page_header":""},"categories":[469],"tags":[],"acf":[],"yoast_head":"<!-- This site is optimized with the Yoast SEO plugin v19.1 - https:\/\/yoast.com\/wordpress\/plugins\/seo\/ -->\n<title>Dos Andes ao Atl\u00e2ntico. Um percurso pelos terroirs mais emblem\u00e1ticos da Am\u00e9rica do Sul De los Andes al Atl\u00e1ntico<\/title>\n<meta name=\"description\" content=\"Dos Andes ao Atl\u00e2ntico. Um percurso pelos terroirs mais emblem\u00e1ticos da Am\u00e9rica do Sul en Bodega Garz\u00f3n. Descubre m\u00e1s en nuestra web BodegaGarzon.com\" \/>\n<meta name=\"robots\" content=\"index, follow, max-snippet:-1, max-image-preview:large, max-video-preview:-1\" \/>\n<link rel=\"canonical\" href=\"https:\/\/bodegagarzon.com\/pt\/blog\/de-los-andes-al-atlantico-un-recorrido-por-los-terrunos-mas-emblematicos-de-sudamerica\/\" \/>\n<meta property=\"og:locale\" content=\"pt_PT\" \/>\n<meta property=\"og:type\" content=\"article\" \/>\n<meta property=\"og:title\" content=\"Dos Andes ao Atl\u00e2ntico. Um percurso pelos terroirs mais emblem\u00e1ticos da Am\u00e9rica do Sul De los Andes al Atl\u00e1ntico\" \/>\n<meta property=\"og:description\" content=\"Dos Andes ao Atl\u00e2ntico. Um percurso pelos terroirs mais emblem\u00e1ticos da Am\u00e9rica do Sul en Bodega Garz\u00f3n. Descubre m\u00e1s en nuestra web BodegaGarzon.com\" \/>\n<meta property=\"og:url\" content=\"https:\/\/bodegagarzon.com\/pt\/blog\/de-los-andes-al-atlantico-un-recorrido-por-los-terrunos-mas-emblematicos-de-sudamerica\/\" \/>\n<meta property=\"og:site_name\" content=\"Bodega Garz\u00f3n\" \/>\n<meta property=\"article:publisher\" content=\"https:\/\/www.facebook.com\/ExperienciasGarzon\/\" \/>\n<meta property=\"article:published_time\" content=\"2025-11-14T16:26:10+00:00\" \/>\n<meta property=\"article:modified_time\" content=\"2025-11-14T16:29:35+00:00\" \/>\n<meta property=\"og:image\" content=\"https:\/\/bodegagarzon.com\/wp-content\/uploads\/2025\/11\/bodega-garzon-prensa-ppal.jpg\" \/>\n\t<meta property=\"og:image:width\" content=\"645\" \/>\n\t<meta property=\"og:image:height\" content=\"350\" \/>\n\t<meta property=\"og:image:type\" content=\"image\/jpeg\" \/>\n<meta name=\"twitter:card\" content=\"summary_large_image\" \/>\n<meta name=\"twitter:creator\" content=\"@BodegaGarzon\" \/>\n<meta name=\"twitter:site\" content=\"@BodegaGarzon\" \/>\n<meta name=\"twitter:label1\" content=\"Escrito por\" \/>\n\t<meta name=\"twitter:data1\" content=\"Mat\u00edas Guerreros\" \/>\n\t<meta name=\"twitter:label2\" content=\"Tempo estimado de leitura\" \/>\n\t<meta name=\"twitter:data2\" content=\"3 minutos\" \/>\n<script type=\"application\/ld+json\" class=\"yoast-schema-graph\">{\"@context\":\"https:\/\/schema.org\",\"@graph\":[{\"@type\":\"WebSite\",\"@id\":\"https:\/\/bodegagarzon.com\/es\/#website\",\"url\":\"https:\/\/bodegagarzon.com\/es\/\",\"name\":\"Bodega Garz\u00f3n\",\"description\":\"Exclusivos y aut\u00e9nticos vinos uruguayos\",\"potentialAction\":[{\"@type\":\"SearchAction\",\"target\":{\"@type\":\"EntryPoint\",\"urlTemplate\":\"https:\/\/bodegagarzon.com\/es\/?s={search_term_string}\"},\"query-input\":\"required name=search_term_string\"}],\"inLanguage\":\"pt-PT\"},{\"@type\":\"ImageObject\",\"inLanguage\":\"pt-PT\",\"@id\":\"https:\/\/bodegagarzon.com\/pt\/blog\/de-los-andes-al-atlantico-un-recorrido-por-los-terrunos-mas-emblematicos-de-sudamerica\/#primaryimage\",\"url\":\"https:\/\/bodegagarzon.com\/wp-content\/uploads\/2025\/11\/bodega-garzon-prensa-ppal.jpg\",\"contentUrl\":\"https:\/\/bodegagarzon.com\/wp-content\/uploads\/2025\/11\/bodega-garzon-prensa-ppal.jpg\",\"width\":645,\"height\":350,\"caption\":\"bg\"},{\"@type\":\"WebPage\",\"@id\":\"https:\/\/bodegagarzon.com\/pt\/blog\/de-los-andes-al-atlantico-un-recorrido-por-los-terrunos-mas-emblematicos-de-sudamerica\/#webpage\",\"url\":\"https:\/\/bodegagarzon.com\/pt\/blog\/de-los-andes-al-atlantico-un-recorrido-por-los-terrunos-mas-emblematicos-de-sudamerica\/\",\"name\":\"Dos Andes ao Atl\u00e2ntico. Um percurso pelos terroirs mais emblem\u00e1ticos da Am\u00e9rica do Sul De los Andes al Atl\u00e1ntico\",\"isPartOf\":{\"@id\":\"https:\/\/bodegagarzon.com\/es\/#website\"},\"primaryImageOfPage\":{\"@id\":\"https:\/\/bodegagarzon.com\/pt\/blog\/de-los-andes-al-atlantico-un-recorrido-por-los-terrunos-mas-emblematicos-de-sudamerica\/#primaryimage\"},\"datePublished\":\"2025-11-14T16:26:10+00:00\",\"dateModified\":\"2025-11-14T16:29:35+00:00\",\"author\":{\"@id\":\"https:\/\/bodegagarzon.com\/es\/#\/schema\/person\/5374fa733cac68c9449d39f8ab9b9e53\"},\"description\":\"Dos Andes ao Atl\u00e2ntico. Um percurso pelos terroirs mais emblem\u00e1ticos da Am\u00e9rica do Sul en Bodega Garz\u00f3n. Descubre m\u00e1s en nuestra web BodegaGarzon.com\",\"breadcrumb\":{\"@id\":\"https:\/\/bodegagarzon.com\/pt\/blog\/de-los-andes-al-atlantico-un-recorrido-por-los-terrunos-mas-emblematicos-de-sudamerica\/#breadcrumb\"},\"inLanguage\":\"pt-PT\",\"potentialAction\":[{\"@type\":\"ReadAction\",\"target\":[\"https:\/\/bodegagarzon.com\/pt\/blog\/de-los-andes-al-atlantico-un-recorrido-por-los-terrunos-mas-emblematicos-de-sudamerica\/\"]}]},{\"@type\":\"BreadcrumbList\",\"@id\":\"https:\/\/bodegagarzon.com\/pt\/blog\/de-los-andes-al-atlantico-un-recorrido-por-los-terrunos-mas-emblematicos-de-sudamerica\/#breadcrumb\",\"itemListElement\":[{\"@type\":\"ListItem\",\"position\":1,\"name\":\"Dos Andes ao Atl\u00e2ntico. Um percurso pelos terroirs mais emblem\u00e1ticos da Am\u00e9rica do Sul\"}]},{\"@type\":\"Person\",\"@id\":\"https:\/\/bodegagarzon.com\/es\/#\/schema\/person\/5374fa733cac68c9449d39f8ab9b9e53\",\"name\":\"Mat\u00edas Guerreros\",\"image\":{\"@type\":\"ImageObject\",\"inLanguage\":\"pt-PT\",\"@id\":\"https:\/\/bodegagarzon.com\/es\/#\/schema\/person\/image\/\",\"url\":\"https:\/\/secure.gravatar.com\/avatar\/8e66c3de37c23832002fd9204bf4199f?s=96&d=mm&r=g\",\"contentUrl\":\"https:\/\/secure.gravatar.com\/avatar\/8e66c3de37c23832002fd9204bf4199f?s=96&d=mm&r=g\",\"caption\":\"Mat\u00edas Guerreros\"}}]}<\/script>\n<!-- \/ Yoast SEO plugin. -->","yoast_head_json":{"title":"Dos Andes ao Atl\u00e2ntico. Um percurso pelos terroirs mais emblem\u00e1ticos da Am\u00e9rica do Sul De los Andes al Atl\u00e1ntico","description":"Dos Andes ao Atl\u00e2ntico. Um percurso pelos terroirs mais emblem\u00e1ticos da Am\u00e9rica do Sul en Bodega Garz\u00f3n. Descubre m\u00e1s en nuestra web BodegaGarzon.com","robots":{"index":"index","follow":"follow","max-snippet":"max-snippet:-1","max-image-preview":"max-image-preview:large","max-video-preview":"max-video-preview:-1"},"canonical":"https:\/\/bodegagarzon.com\/pt\/blog\/de-los-andes-al-atlantico-un-recorrido-por-los-terrunos-mas-emblematicos-de-sudamerica\/","og_locale":"pt_PT","og_type":"article","og_title":"Dos Andes ao Atl\u00e2ntico. Um percurso pelos terroirs mais emblem\u00e1ticos da Am\u00e9rica do Sul De los Andes al Atl\u00e1ntico","og_description":"Dos Andes ao Atl\u00e2ntico. Um percurso pelos terroirs mais emblem\u00e1ticos da Am\u00e9rica do Sul en Bodega Garz\u00f3n. Descubre m\u00e1s en nuestra web BodegaGarzon.com","og_url":"https:\/\/bodegagarzon.com\/pt\/blog\/de-los-andes-al-atlantico-un-recorrido-por-los-terrunos-mas-emblematicos-de-sudamerica\/","og_site_name":"Bodega Garz\u00f3n","article_publisher":"https:\/\/www.facebook.com\/ExperienciasGarzon\/","article_published_time":"2025-11-14T16:26:10+00:00","article_modified_time":"2025-11-14T16:29:35+00:00","og_image":[{"width":645,"height":350,"url":"https:\/\/bodegagarzon.com\/wp-content\/uploads\/2025\/11\/bodega-garzon-prensa-ppal.jpg","type":"image\/jpeg"}],"twitter_card":"summary_large_image","twitter_creator":"@BodegaGarzon","twitter_site":"@BodegaGarzon","twitter_misc":{"Escrito por":"Mat\u00edas Guerreros","Tempo estimado de leitura":"3 minutos"},"schema":{"@context":"https:\/\/schema.org","@graph":[{"@type":"WebSite","@id":"https:\/\/bodegagarzon.com\/es\/#website","url":"https:\/\/bodegagarzon.com\/es\/","name":"Bodega Garz\u00f3n","description":"Exclusivos y aut\u00e9nticos vinos uruguayos","potentialAction":[{"@type":"SearchAction","target":{"@type":"EntryPoint","urlTemplate":"https:\/\/bodegagarzon.com\/es\/?s={search_term_string}"},"query-input":"required name=search_term_string"}],"inLanguage":"pt-PT"},{"@type":"ImageObject","inLanguage":"pt-PT","@id":"https:\/\/bodegagarzon.com\/pt\/blog\/de-los-andes-al-atlantico-un-recorrido-por-los-terrunos-mas-emblematicos-de-sudamerica\/#primaryimage","url":"https:\/\/bodegagarzon.com\/wp-content\/uploads\/2025\/11\/bodega-garzon-prensa-ppal.jpg","contentUrl":"https:\/\/bodegagarzon.com\/wp-content\/uploads\/2025\/11\/bodega-garzon-prensa-ppal.jpg","width":645,"height":350,"caption":"bg"},{"@type":"WebPage","@id":"https:\/\/bodegagarzon.com\/pt\/blog\/de-los-andes-al-atlantico-un-recorrido-por-los-terrunos-mas-emblematicos-de-sudamerica\/#webpage","url":"https:\/\/bodegagarzon.com\/pt\/blog\/de-los-andes-al-atlantico-un-recorrido-por-los-terrunos-mas-emblematicos-de-sudamerica\/","name":"Dos Andes ao Atl\u00e2ntico. Um percurso pelos terroirs mais emblem\u00e1ticos da Am\u00e9rica do Sul De los Andes al Atl\u00e1ntico","isPartOf":{"@id":"https:\/\/bodegagarzon.com\/es\/#website"},"primaryImageOfPage":{"@id":"https:\/\/bodegagarzon.com\/pt\/blog\/de-los-andes-al-atlantico-un-recorrido-por-los-terrunos-mas-emblematicos-de-sudamerica\/#primaryimage"},"datePublished":"2025-11-14T16:26:10+00:00","dateModified":"2025-11-14T16:29:35+00:00","author":{"@id":"https:\/\/bodegagarzon.com\/es\/#\/schema\/person\/5374fa733cac68c9449d39f8ab9b9e53"},"description":"Dos Andes ao Atl\u00e2ntico. Um percurso pelos terroirs mais emblem\u00e1ticos da Am\u00e9rica do Sul en Bodega Garz\u00f3n. Descubre m\u00e1s en nuestra web BodegaGarzon.com","breadcrumb":{"@id":"https:\/\/bodegagarzon.com\/pt\/blog\/de-los-andes-al-atlantico-un-recorrido-por-los-terrunos-mas-emblematicos-de-sudamerica\/#breadcrumb"},"inLanguage":"pt-PT","potentialAction":[{"@type":"ReadAction","target":["https:\/\/bodegagarzon.com\/pt\/blog\/de-los-andes-al-atlantico-un-recorrido-por-los-terrunos-mas-emblematicos-de-sudamerica\/"]}]},{"@type":"BreadcrumbList","@id":"https:\/\/bodegagarzon.com\/pt\/blog\/de-los-andes-al-atlantico-un-recorrido-por-los-terrunos-mas-emblematicos-de-sudamerica\/#breadcrumb","itemListElement":[{"@type":"ListItem","position":1,"name":"Dos Andes ao Atl\u00e2ntico. Um percurso pelos terroirs mais emblem\u00e1ticos da Am\u00e9rica do Sul"}]},{"@type":"Person","@id":"https:\/\/bodegagarzon.com\/es\/#\/schema\/person\/5374fa733cac68c9449d39f8ab9b9e53","name":"Mat\u00edas Guerreros","image":{"@type":"ImageObject","inLanguage":"pt-PT","@id":"https:\/\/bodegagarzon.com\/es\/#\/schema\/person\/image\/","url":"https:\/\/secure.gravatar.com\/avatar\/8e66c3de37c23832002fd9204bf4199f?s=96&d=mm&r=g","contentUrl":"https:\/\/secure.gravatar.com\/avatar\/8e66c3de37c23832002fd9204bf4199f?s=96&d=mm&r=g","caption":"Mat\u00edas Guerreros"}}]}},"_links":{"self":[{"href":"https:\/\/bodegagarzon.com\/pt\/wp-json\/wp\/v2\/posts\/91925"}],"collection":[{"href":"https:\/\/bodegagarzon.com\/pt\/wp-json\/wp\/v2\/posts"}],"about":[{"href":"https:\/\/bodegagarzon.com\/pt\/wp-json\/wp\/v2\/types\/post"}],"author":[{"embeddable":true,"href":"https:\/\/bodegagarzon.com\/pt\/wp-json\/wp\/v2\/users\/15"}],"replies":[{"embeddable":true,"href":"https:\/\/bodegagarzon.com\/pt\/wp-json\/wp\/v2\/comments?post=91925"}],"version-history":[{"count":1,"href":"https:\/\/bodegagarzon.com\/pt\/wp-json\/wp\/v2\/posts\/91925\/revisions"}],"predecessor-version":[{"id":91927,"href":"https:\/\/bodegagarzon.com\/pt\/wp-json\/wp\/v2\/posts\/91925\/revisions\/91927"}],"wp:featuredmedia":[{"embeddable":true,"href":"https:\/\/bodegagarzon.com\/pt\/wp-json\/wp\/v2\/media\/91922"}],"wp:attachment":[{"href":"https:\/\/bodegagarzon.com\/pt\/wp-json\/wp\/v2\/media?parent=91925"}],"wp:term":[{"taxonomy":"category","embeddable":true,"href":"https:\/\/bodegagarzon.com\/pt\/wp-json\/wp\/v2\/categories?post=91925"},{"taxonomy":"post_tag","embeddable":true,"href":"https:\/\/bodegagarzon.com\/pt\/wp-json\/wp\/v2\/tags?post=91925"}],"curies":[{"name":"wp","href":"https:\/\/api.w.org\/{rel}","templated":true}]}}