{"id":87104,"date":"2024-10-23T11:55:42","date_gmt":"2024-10-23T14:55:42","guid":{"rendered":"https:\/\/bodegagarzon.com\/blog\/prowine-san-pablo-2024\/"},"modified":"2024-10-23T16:10:31","modified_gmt":"2024-10-23T19:10:31","slug":"prowine-san-pablo-2024","status":"publish","type":"post","link":"\/pt\/noticias\/atualidade\/prowine-san-pablo-2024\/","title":{"rendered":"ProWine S\u00e3o Paulo 2024"},"content":{"rendered":"<p>De 1 a 3 de outubro participamos de uma nova edi\u00e7\u00e3o da ProWine S\u00e3o Paulo, uma das feiras mais importantes da ind\u00fastria realizada no reconhecido Expo Center Norte.<\/p>\n<p>Durante a feira, os convidados degustaram diferentes linhas de vinhos Garz\u00f3n no stand da World Wine, distribuidor exclusivo da Bodega Garz\u00f3n no Brasil, com destaque para Tannat e Albari\u00f1o. Al\u00e9m disso, durante o evento, a equipe da vin\u00edcola realizou um f\u00f3rum de Petit Clos, onde os convidados puderam conhecer ainda mais sobre esta linha de vinhos exclusivos.<\/p>\n<p>Essa visita ao Brasil tamb\u00e9m foi motivo para um encontro para celebrar junto a clientes e amigos os 10 anos da Garz\u00f3n no Brasil.<\/p>\n<p>&nbsp;<\/p>\n","protected":false},"excerpt":{"rendered":"<p>De 1 a 3 de outubro participamos de uma nova edi\u00e7\u00e3o da ProWine S\u00e3o Paulo, uma das feiras mais importantes da ind\u00fastria realizada no reconhecido Expo Center Norte.<\/p>\n","protected":false},"author":15,"featured_media":87093,"comment_status":"open","ping_status":"closed","sticky":false,"template":"","format":"standard","meta":{"inline_featured_image":false,"generate_page_header":""},"categories":[465],"tags":[],"acf":[],"yoast_head":"<!-- This site is optimized with the Yoast SEO plugin v19.1 - https:\/\/yoast.com\/wordpress\/plugins\/seo\/ -->\n<title>ProWine S\u00e3o Paulo 2024 prowine san pablo<\/title>\n<meta name=\"description\" content=\"ProWine S\u00e3o Paulo 2024 en Bodega Garz\u00f3n. Descubre m\u00e1s en nuestra web BodegaGarzon.com\" \/>\n<meta name=\"robots\" content=\"index, follow, max-snippet:-1, max-image-preview:large, max-video-preview:-1\" \/>\n<link rel=\"canonical\" href=\"https:\/\/bodegagarzon.com\/pt\/noticias\/atualidade\/prowine-san-pablo-2024\/\" \/>\n<meta property=\"og:locale\" content=\"pt_PT\" \/>\n<meta property=\"og:type\" content=\"article\" \/>\n<meta property=\"og:title\" content=\"ProWine S\u00e3o Paulo 2024 prowine san pablo\" \/>\n<meta property=\"og:description\" content=\"ProWine S\u00e3o Paulo 2024 en Bodega Garz\u00f3n. Descubre m\u00e1s en nuestra web BodegaGarzon.com\" \/>\n<meta property=\"og:url\" content=\"\/pt\/noticias\/atualidade\/prowine-san-pablo-2024\/\" \/>\n<meta property=\"og:site_name\" content=\"Bodega Garz\u00f3n\" \/>\n<meta property=\"article:publisher\" content=\"https:\/\/www.facebook.com\/ExperienciasGarzon\/\" \/>\n<meta property=\"article:published_time\" content=\"2024-10-23T14:55:42+00:00\" \/>\n<meta property=\"article:modified_time\" content=\"2024-10-23T19:10:31+00:00\" \/>\n<meta property=\"og:image\" content=\"https:\/\/bodegagarzon.com\/wp-content\/uploads\/2024\/10\/Captura-de-Pantalla-2024-10-23-a-las-11.57.27.png\" \/>\n\t<meta property=\"og:image:width\" content=\"858\" \/>\n\t<meta property=\"og:image:height\" content=\"482\" \/>\n\t<meta property=\"og:image:type\" content=\"image\/png\" \/>\n<meta name=\"twitter:card\" content=\"summary_large_image\" \/>\n<meta name=\"twitter:creator\" content=\"@BodegaGarzon\" \/>\n<meta name=\"twitter:site\" content=\"@BodegaGarzon\" \/>\n<meta name=\"twitter:label1\" content=\"Escrito por\" \/>\n\t<meta name=\"twitter:data1\" content=\"Mat\u00edas Guerreros\" \/>\n\t<meta name=\"twitter:label2\" content=\"Tempo estimado de leitura\" \/>\n\t<meta name=\"twitter:data2\" content=\"1 minuto\" \/>\n<script type=\"application\/ld+json\" class=\"yoast-schema-graph\">{\"@context\":\"https:\/\/schema.org\",\"@graph\":[{\"@type\":\"WebSite\",\"@id\":\"https:\/\/bodegagarzon.com\/es\/#website\",\"url\":\"https:\/\/bodegagarzon.com\/es\/\",\"name\":\"Bodega Garz\u00f3n\",\"description\":\"Exclusivos y aut\u00e9nticos vinos uruguayos\",\"potentialAction\":[{\"@type\":\"SearchAction\",\"target\":{\"@type\":\"EntryPoint\",\"urlTemplate\":\"https:\/\/bodegagarzon.com\/es\/?s={search_term_string}\"},\"query-input\":\"required name=search_term_string\"}],\"inLanguage\":\"pt-PT\"},{\"@type\":\"ImageObject\",\"inLanguage\":\"pt-PT\",\"@id\":\"https:\/\/bodegagarzon.com\/pt\/noticias\/atualidade\/prowine-san-pablo-2024\/#primaryimage\",\"url\":\"https:\/\/bodegagarzon.com\/wp-content\/uploads\/2024\/10\/Captura-de-Pantalla-2024-10-23-a-las-11.57.27.png\",\"contentUrl\":\"https:\/\/bodegagarzon.com\/wp-content\/uploads\/2024\/10\/Captura-de-Pantalla-2024-10-23-a-las-11.57.27.png\",\"width\":858,\"height\":482,\"caption\":\"prowine\"},{\"@type\":\"WebPage\",\"@id\":\"https:\/\/bodegagarzon.com\/pt\/noticias\/atualidade\/prowine-san-pablo-2024\/#webpage\",\"url\":\"https:\/\/bodegagarzon.com\/pt\/noticias\/atualidade\/prowine-san-pablo-2024\/\",\"name\":\"ProWine S\u00e3o Paulo 2024 prowine san pablo\",\"isPartOf\":{\"@id\":\"https:\/\/bodegagarzon.com\/es\/#website\"},\"primaryImageOfPage\":{\"@id\":\"https:\/\/bodegagarzon.com\/pt\/noticias\/atualidade\/prowine-san-pablo-2024\/#primaryimage\"},\"datePublished\":\"2024-10-23T14:55:42+00:00\",\"dateModified\":\"2024-10-23T19:10:31+00:00\",\"author\":{\"@id\":\"https:\/\/bodegagarzon.com\/es\/#\/schema\/person\/5374fa733cac68c9449d39f8ab9b9e53\"},\"description\":\"ProWine S\u00e3o Paulo 2024 en Bodega Garz\u00f3n. Descubre m\u00e1s en nuestra web BodegaGarzon.com\",\"breadcrumb\":{\"@id\":\"https:\/\/bodegagarzon.com\/pt\/noticias\/atualidade\/prowine-san-pablo-2024\/#breadcrumb\"},\"inLanguage\":\"pt-PT\",\"potentialAction\":[{\"@type\":\"ReadAction\",\"target\":[\"https:\/\/bodegagarzon.com\/pt\/noticias\/atualidade\/prowine-san-pablo-2024\/\"]}]},{\"@type\":\"BreadcrumbList\",\"@id\":\"https:\/\/bodegagarzon.com\/pt\/noticias\/atualidade\/prowine-san-pablo-2024\/#breadcrumb\",\"itemListElement\":[{\"@type\":\"ListItem\",\"position\":1,\"name\":\"ProWine S\u00e3o Paulo 2024\"}]},{\"@type\":\"Person\",\"@id\":\"https:\/\/bodegagarzon.com\/es\/#\/schema\/person\/5374fa733cac68c9449d39f8ab9b9e53\",\"name\":\"Mat\u00edas Guerreros\",\"image\":{\"@type\":\"ImageObject\",\"inLanguage\":\"pt-PT\",\"@id\":\"https:\/\/bodegagarzon.com\/es\/#\/schema\/person\/image\/\",\"url\":\"https:\/\/secure.gravatar.com\/avatar\/8e66c3de37c23832002fd9204bf4199f?s=96&d=mm&r=g\",\"contentUrl\":\"https:\/\/secure.gravatar.com\/avatar\/8e66c3de37c23832002fd9204bf4199f?s=96&d=mm&r=g\",\"caption\":\"Mat\u00edas Guerreros\"}}]}<\/script>\n<!-- \/ Yoast SEO plugin. -->","yoast_head_json":{"title":"ProWine S\u00e3o Paulo 2024 prowine san pablo","description":"ProWine S\u00e3o Paulo 2024 en Bodega Garz\u00f3n. Descubre m\u00e1s en nuestra web BodegaGarzon.com","robots":{"index":"index","follow":"follow","max-snippet":"max-snippet:-1","max-image-preview":"max-image-preview:large","max-video-preview":"max-video-preview:-1"},"canonical":"https:\/\/bodegagarzon.com\/pt\/noticias\/atualidade\/prowine-san-pablo-2024\/","og_locale":"pt_PT","og_type":"article","og_title":"ProWine S\u00e3o Paulo 2024 prowine san pablo","og_description":"ProWine S\u00e3o Paulo 2024 en Bodega Garz\u00f3n. Descubre m\u00e1s en nuestra web BodegaGarzon.com","og_url":"\/pt\/noticias\/atualidade\/prowine-san-pablo-2024\/","og_site_name":"Bodega Garz\u00f3n","article_publisher":"https:\/\/www.facebook.com\/ExperienciasGarzon\/","article_published_time":"2024-10-23T14:55:42+00:00","article_modified_time":"2024-10-23T19:10:31+00:00","og_image":[{"width":858,"height":482,"url":"https:\/\/bodegagarzon.com\/wp-content\/uploads\/2024\/10\/Captura-de-Pantalla-2024-10-23-a-las-11.57.27.png","type":"image\/png"}],"twitter_card":"summary_large_image","twitter_creator":"@BodegaGarzon","twitter_site":"@BodegaGarzon","twitter_misc":{"Escrito por":"Mat\u00edas Guerreros","Tempo estimado de leitura":"1 minuto"},"schema":{"@context":"https:\/\/schema.org","@graph":[{"@type":"WebSite","@id":"https:\/\/bodegagarzon.com\/es\/#website","url":"https:\/\/bodegagarzon.com\/es\/","name":"Bodega Garz\u00f3n","description":"Exclusivos y aut\u00e9nticos vinos uruguayos","potentialAction":[{"@type":"SearchAction","target":{"@type":"EntryPoint","urlTemplate":"https:\/\/bodegagarzon.com\/es\/?s={search_term_string}"},"query-input":"required name=search_term_string"}],"inLanguage":"pt-PT"},{"@type":"ImageObject","inLanguage":"pt-PT","@id":"https:\/\/bodegagarzon.com\/pt\/noticias\/atualidade\/prowine-san-pablo-2024\/#primaryimage","url":"https:\/\/bodegagarzon.com\/wp-content\/uploads\/2024\/10\/Captura-de-Pantalla-2024-10-23-a-las-11.57.27.png","contentUrl":"https:\/\/bodegagarzon.com\/wp-content\/uploads\/2024\/10\/Captura-de-Pantalla-2024-10-23-a-las-11.57.27.png","width":858,"height":482,"caption":"prowine"},{"@type":"WebPage","@id":"https:\/\/bodegagarzon.com\/pt\/noticias\/atualidade\/prowine-san-pablo-2024\/#webpage","url":"https:\/\/bodegagarzon.com\/pt\/noticias\/atualidade\/prowine-san-pablo-2024\/","name":"ProWine S\u00e3o Paulo 2024 prowine san pablo","isPartOf":{"@id":"https:\/\/bodegagarzon.com\/es\/#website"},"primaryImageOfPage":{"@id":"https:\/\/bodegagarzon.com\/pt\/noticias\/atualidade\/prowine-san-pablo-2024\/#primaryimage"},"datePublished":"2024-10-23T14:55:42+00:00","dateModified":"2024-10-23T19:10:31+00:00","author":{"@id":"https:\/\/bodegagarzon.com\/es\/#\/schema\/person\/5374fa733cac68c9449d39f8ab9b9e53"},"description":"ProWine S\u00e3o Paulo 2024 en Bodega Garz\u00f3n. Descubre m\u00e1s en nuestra web BodegaGarzon.com","breadcrumb":{"@id":"https:\/\/bodegagarzon.com\/pt\/noticias\/atualidade\/prowine-san-pablo-2024\/#breadcrumb"},"inLanguage":"pt-PT","potentialAction":[{"@type":"ReadAction","target":["https:\/\/bodegagarzon.com\/pt\/noticias\/atualidade\/prowine-san-pablo-2024\/"]}]},{"@type":"BreadcrumbList","@id":"https:\/\/bodegagarzon.com\/pt\/noticias\/atualidade\/prowine-san-pablo-2024\/#breadcrumb","itemListElement":[{"@type":"ListItem","position":1,"name":"ProWine S\u00e3o Paulo 2024"}]},{"@type":"Person","@id":"https:\/\/bodegagarzon.com\/es\/#\/schema\/person\/5374fa733cac68c9449d39f8ab9b9e53","name":"Mat\u00edas Guerreros","image":{"@type":"ImageObject","inLanguage":"pt-PT","@id":"https:\/\/bodegagarzon.com\/es\/#\/schema\/person\/image\/","url":"https:\/\/secure.gravatar.com\/avatar\/8e66c3de37c23832002fd9204bf4199f?s=96&d=mm&r=g","contentUrl":"https:\/\/secure.gravatar.com\/avatar\/8e66c3de37c23832002fd9204bf4199f?s=96&d=mm&r=g","caption":"Mat\u00edas Guerreros"}}]}},"_links":{"self":[{"href":"https:\/\/bodegagarzon.com\/pt\/wp-json\/wp\/v2\/posts\/87104"}],"collection":[{"href":"https:\/\/bodegagarzon.com\/pt\/wp-json\/wp\/v2\/posts"}],"about":[{"href":"https:\/\/bodegagarzon.com\/pt\/wp-json\/wp\/v2\/types\/post"}],"author":[{"embeddable":true,"href":"https:\/\/bodegagarzon.com\/pt\/wp-json\/wp\/v2\/users\/15"}],"replies":[{"embeddable":true,"href":"https:\/\/bodegagarzon.com\/pt\/wp-json\/wp\/v2\/comments?post=87104"}],"version-history":[{"count":1,"href":"https:\/\/bodegagarzon.com\/pt\/wp-json\/wp\/v2\/posts\/87104\/revisions"}],"predecessor-version":[{"id":87113,"href":"https:\/\/bodegagarzon.com\/pt\/wp-json\/wp\/v2\/posts\/87104\/revisions\/87113"}],"wp:featuredmedia":[{"embeddable":true,"href":"https:\/\/bodegagarzon.com\/pt\/wp-json\/wp\/v2\/media\/87093"}],"wp:attachment":[{"href":"https:\/\/bodegagarzon.com\/pt\/wp-json\/wp\/v2\/media?parent=87104"}],"wp:term":[{"taxonomy":"category","embeddable":true,"href":"https:\/\/bodegagarzon.com\/pt\/wp-json\/wp\/v2\/categories?post=87104"},{"taxonomy":"post_tag","embeddable":true,"href":"https:\/\/bodegagarzon.com\/pt\/wp-json\/wp\/v2\/tags?post=87104"}],"curies":[{"name":"wp","href":"https:\/\/api.w.org\/{rel}","templated":true}]}}