{"id":81180,"date":"2024-01-16T12:46:59","date_gmt":"2024-01-16T15:46:59","guid":{"rendered":"https:\/\/bodegagarzon.com\/blog\/sunset-en-la-susana\/"},"modified":"2024-01-29T11:30:01","modified_gmt":"2024-01-29T14:30:01","slug":"sunset-en-la-susana","status":"publish","type":"post","link":"\/pt\/noticias\/atualidade\/sunset-en-la-susana\/","title":{"rendered":"Sunset em La Susana, Jos\u00e9 Ignacio"},"content":{"rendered":"<p>Na quarta-feira passada, dia 3 de janeiro, foi realizada uma das cl\u00e1ssicas festas do ver\u00e3o: o sunset da Bodega Garz\u00f3n no exclusivo parador de praia do restaurante La Susana em Jos\u00e9 Ignacio. Um evento para celebrar o in\u00edcio do novo ano e a temporada de ver\u00e3o junto a personalidades e amigos.<\/p>\n<p>A partir das 19 horas os convidados come\u00e7aram a chegar e foram recebidos com uma ta\u00e7a de Sparkling Extra Brut Garz\u00f3n para desfrutar do p\u00f4r-do-sol junto a uma espetacular panor\u00e2mica do oceano \u00e0 beira-mar. Durante o resto da noite, os presentes puderam degustar uma sele\u00e7\u00e3o de vinhos Garz\u00f3n escolhida especialmente para a ocasi\u00e3o como Cabernet Franc Reserva, reconhecido por sua eleg\u00e2ncia, garrafas de Magnum Ros\u00e9, fresco e delicado e Single Vineyard Albari\u00f1o, uma casta que encontrou no <em>terroir<\/em> da Garz\u00f3n excelentes condi\u00e7\u00f5es para se desenvolver e da que a Garz\u00f3n \u00e9 o principal produtor de toda a Am\u00e9rica.<\/p>\n<p>Para acompanhar essa sele\u00e7\u00e3o de vinhos premium, a gastronomia do restaurante preparou uma variedade de petiscos e sobremesas.<\/p>\n<p>O encontro esteve ambientado pela m\u00fasica do DJ residente de La Susana, Fernando De Leo.<\/p>\n<p><iframe loading=\"lazy\" title=\"Sunset Bodega Garz\u00f3n en La Susana Jos\u00e9 Ignacio\" width=\"1200\" height=\"675\" src=\"https:\/\/www.youtube.com\/embed\/Dxd_1YYlIcI?feature=oembed&#038;enablejsapi=1&#038;origin=https:\/\/bodegagarzon.com\" frameborder=\"0\" allow=\"accelerometer; autoplay; clipboard-write; encrypted-media; gyroscope; picture-in-picture; web-share\" allowfullscreen><\/iframe><\/p>\n","protected":false},"excerpt":{"rendered":"<p>Na quarta-feira passada, dia 3 de janeiro, foi realizada uma das cl\u00e1ssicas festas do ver\u00e3o: o sunset da Bodega Garz\u00f3n no exclusivo parador de praia do restaurante La Susana em Jos\u00e9 Ignacio. Um evento para celebrar o in\u00edcio do novo ano e a temporada de ver\u00e3o junto a personalidades e amigos.<\/p>\n","protected":false},"author":15,"featured_media":80546,"comment_status":"open","ping_status":"closed","sticky":false,"template":"","format":"standard","meta":{"inline_featured_image":false,"generate_page_header":""},"categories":[465],"tags":[],"acf":[],"yoast_head":"<!-- This site is optimized with the Yoast SEO plugin v19.1 - https:\/\/yoast.com\/wordpress\/plugins\/seo\/ -->\n<title>Sunset em La Susana, Jos\u00e9 Ignacio Sunset Bodega Garz\u00f3n<\/title>\n<meta name=\"description\" content=\"Sunset em La Susana, Jos\u00e9 Ignacio en Bodega Garz\u00f3n. Descubre m\u00e1s en nuestra web BodegaGarzon.com\" \/>\n<meta name=\"robots\" content=\"index, follow, max-snippet:-1, max-image-preview:large, max-video-preview:-1\" \/>\n<link rel=\"canonical\" href=\"https:\/\/bodegagarzon.com\/pt\/noticias\/atualidade\/sunset-en-la-susana\/\" \/>\n<meta property=\"og:locale\" content=\"pt_PT\" \/>\n<meta property=\"og:type\" content=\"article\" \/>\n<meta property=\"og:title\" content=\"Sunset em La Susana, Jos\u00e9 Ignacio Sunset Bodega Garz\u00f3n\" \/>\n<meta property=\"og:description\" content=\"Sunset em La Susana, Jos\u00e9 Ignacio en Bodega Garz\u00f3n. Descubre m\u00e1s en nuestra web BodegaGarzon.com\" \/>\n<meta property=\"og:url\" content=\"\/pt\/noticias\/atualidade\/sunset-en-la-susana\/\" \/>\n<meta property=\"og:site_name\" content=\"Bodega Garz\u00f3n\" \/>\n<meta property=\"article:publisher\" content=\"https:\/\/www.facebook.com\/ExperienciasGarzon\/\" \/>\n<meta property=\"article:published_time\" content=\"2024-01-16T15:46:59+00:00\" \/>\n<meta property=\"article:modified_time\" content=\"2024-01-29T14:30:01+00:00\" \/>\n<meta property=\"og:image\" content=\"https:\/\/bodegagarzon.com\/wp-content\/uploads\/2024\/01\/Captura-de-pantalla-2024-01-16-a-las-12.46.26.png\" \/>\n\t<meta property=\"og:image:width\" content=\"897\" \/>\n\t<meta property=\"og:image:height\" content=\"580\" \/>\n\t<meta property=\"og:image:type\" content=\"image\/png\" \/>\n<meta name=\"twitter:card\" content=\"summary_large_image\" \/>\n<meta name=\"twitter:creator\" content=\"@BodegaGarzon\" \/>\n<meta name=\"twitter:site\" content=\"@BodegaGarzon\" \/>\n<meta name=\"twitter:label1\" content=\"Escrito por\" \/>\n\t<meta name=\"twitter:data1\" content=\"Mat\u00edas Guerreros\" \/>\n\t<meta name=\"twitter:label2\" content=\"Tempo estimado de leitura\" \/>\n\t<meta name=\"twitter:data2\" content=\"1 minuto\" \/>\n<script type=\"application\/ld+json\" class=\"yoast-schema-graph\">{\"@context\":\"https:\/\/schema.org\",\"@graph\":[{\"@type\":\"WebSite\",\"@id\":\"https:\/\/bodegagarzon.com\/es\/#website\",\"url\":\"https:\/\/bodegagarzon.com\/es\/\",\"name\":\"Bodega Garz\u00f3n\",\"description\":\"Exclusivos y aut\u00e9nticos vinos uruguayos\",\"potentialAction\":[{\"@type\":\"SearchAction\",\"target\":{\"@type\":\"EntryPoint\",\"urlTemplate\":\"https:\/\/bodegagarzon.com\/es\/?s={search_term_string}\"},\"query-input\":\"required name=search_term_string\"}],\"inLanguage\":\"pt-PT\"},{\"@type\":\"ImageObject\",\"inLanguage\":\"pt-PT\",\"@id\":\"https:\/\/bodegagarzon.com\/pt\/noticias\/atualidade\/sunset-en-la-susana\/#primaryimage\",\"url\":\"https:\/\/bodegagarzon.com\/wp-content\/uploads\/2024\/01\/Captura-de-pantalla-2024-01-16-a-las-12.46.26.png\",\"contentUrl\":\"https:\/\/bodegagarzon.com\/wp-content\/uploads\/2024\/01\/Captura-de-pantalla-2024-01-16-a-las-12.46.26.png\",\"width\":897,\"height\":580,\"caption\":\"sunset\"},{\"@type\":\"WebPage\",\"@id\":\"https:\/\/bodegagarzon.com\/pt\/noticias\/atualidade\/sunset-en-la-susana\/#webpage\",\"url\":\"https:\/\/bodegagarzon.com\/pt\/noticias\/atualidade\/sunset-en-la-susana\/\",\"name\":\"Sunset em La Susana, Jos\u00e9 Ignacio Sunset Bodega Garz\u00f3n\",\"isPartOf\":{\"@id\":\"https:\/\/bodegagarzon.com\/es\/#website\"},\"primaryImageOfPage\":{\"@id\":\"https:\/\/bodegagarzon.com\/pt\/noticias\/atualidade\/sunset-en-la-susana\/#primaryimage\"},\"datePublished\":\"2024-01-16T15:46:59+00:00\",\"dateModified\":\"2024-01-29T14:30:01+00:00\",\"author\":{\"@id\":\"https:\/\/bodegagarzon.com\/es\/#\/schema\/person\/5374fa733cac68c9449d39f8ab9b9e53\"},\"description\":\"Sunset em La Susana, Jos\u00e9 Ignacio en Bodega Garz\u00f3n. Descubre m\u00e1s en nuestra web BodegaGarzon.com\",\"breadcrumb\":{\"@id\":\"https:\/\/bodegagarzon.com\/pt\/noticias\/atualidade\/sunset-en-la-susana\/#breadcrumb\"},\"inLanguage\":\"pt-PT\",\"potentialAction\":[{\"@type\":\"ReadAction\",\"target\":[\"https:\/\/bodegagarzon.com\/pt\/noticias\/atualidade\/sunset-en-la-susana\/\"]}]},{\"@type\":\"BreadcrumbList\",\"@id\":\"https:\/\/bodegagarzon.com\/pt\/noticias\/atualidade\/sunset-en-la-susana\/#breadcrumb\",\"itemListElement\":[{\"@type\":\"ListItem\",\"position\":1,\"name\":\"Sunset em La Susana, Jos\u00e9 Ignacio\"}]},{\"@type\":\"Person\",\"@id\":\"https:\/\/bodegagarzon.com\/es\/#\/schema\/person\/5374fa733cac68c9449d39f8ab9b9e53\",\"name\":\"Mat\u00edas Guerreros\",\"image\":{\"@type\":\"ImageObject\",\"inLanguage\":\"pt-PT\",\"@id\":\"https:\/\/bodegagarzon.com\/es\/#\/schema\/person\/image\/\",\"url\":\"https:\/\/secure.gravatar.com\/avatar\/8e66c3de37c23832002fd9204bf4199f?s=96&d=mm&r=g\",\"contentUrl\":\"https:\/\/secure.gravatar.com\/avatar\/8e66c3de37c23832002fd9204bf4199f?s=96&d=mm&r=g\",\"caption\":\"Mat\u00edas Guerreros\"}}]}<\/script>\n<!-- \/ Yoast SEO plugin. -->","yoast_head_json":{"title":"Sunset em La Susana, Jos\u00e9 Ignacio Sunset Bodega Garz\u00f3n","description":"Sunset em La Susana, Jos\u00e9 Ignacio en Bodega Garz\u00f3n. Descubre m\u00e1s en nuestra web BodegaGarzon.com","robots":{"index":"index","follow":"follow","max-snippet":"max-snippet:-1","max-image-preview":"max-image-preview:large","max-video-preview":"max-video-preview:-1"},"canonical":"https:\/\/bodegagarzon.com\/pt\/noticias\/atualidade\/sunset-en-la-susana\/","og_locale":"pt_PT","og_type":"article","og_title":"Sunset em La Susana, Jos\u00e9 Ignacio Sunset Bodega Garz\u00f3n","og_description":"Sunset em La Susana, Jos\u00e9 Ignacio en Bodega Garz\u00f3n. Descubre m\u00e1s en nuestra web BodegaGarzon.com","og_url":"\/pt\/noticias\/atualidade\/sunset-en-la-susana\/","og_site_name":"Bodega Garz\u00f3n","article_publisher":"https:\/\/www.facebook.com\/ExperienciasGarzon\/","article_published_time":"2024-01-16T15:46:59+00:00","article_modified_time":"2024-01-29T14:30:01+00:00","og_image":[{"width":897,"height":580,"url":"https:\/\/bodegagarzon.com\/wp-content\/uploads\/2024\/01\/Captura-de-pantalla-2024-01-16-a-las-12.46.26.png","type":"image\/png"}],"twitter_card":"summary_large_image","twitter_creator":"@BodegaGarzon","twitter_site":"@BodegaGarzon","twitter_misc":{"Escrito por":"Mat\u00edas Guerreros","Tempo estimado de leitura":"1 minuto"},"schema":{"@context":"https:\/\/schema.org","@graph":[{"@type":"WebSite","@id":"https:\/\/bodegagarzon.com\/es\/#website","url":"https:\/\/bodegagarzon.com\/es\/","name":"Bodega Garz\u00f3n","description":"Exclusivos y aut\u00e9nticos vinos uruguayos","potentialAction":[{"@type":"SearchAction","target":{"@type":"EntryPoint","urlTemplate":"https:\/\/bodegagarzon.com\/es\/?s={search_term_string}"},"query-input":"required name=search_term_string"}],"inLanguage":"pt-PT"},{"@type":"ImageObject","inLanguage":"pt-PT","@id":"https:\/\/bodegagarzon.com\/pt\/noticias\/atualidade\/sunset-en-la-susana\/#primaryimage","url":"https:\/\/bodegagarzon.com\/wp-content\/uploads\/2024\/01\/Captura-de-pantalla-2024-01-16-a-las-12.46.26.png","contentUrl":"https:\/\/bodegagarzon.com\/wp-content\/uploads\/2024\/01\/Captura-de-pantalla-2024-01-16-a-las-12.46.26.png","width":897,"height":580,"caption":"sunset"},{"@type":"WebPage","@id":"https:\/\/bodegagarzon.com\/pt\/noticias\/atualidade\/sunset-en-la-susana\/#webpage","url":"https:\/\/bodegagarzon.com\/pt\/noticias\/atualidade\/sunset-en-la-susana\/","name":"Sunset em La Susana, Jos\u00e9 Ignacio Sunset Bodega Garz\u00f3n","isPartOf":{"@id":"https:\/\/bodegagarzon.com\/es\/#website"},"primaryImageOfPage":{"@id":"https:\/\/bodegagarzon.com\/pt\/noticias\/atualidade\/sunset-en-la-susana\/#primaryimage"},"datePublished":"2024-01-16T15:46:59+00:00","dateModified":"2024-01-29T14:30:01+00:00","author":{"@id":"https:\/\/bodegagarzon.com\/es\/#\/schema\/person\/5374fa733cac68c9449d39f8ab9b9e53"},"description":"Sunset em La Susana, Jos\u00e9 Ignacio en Bodega Garz\u00f3n. Descubre m\u00e1s en nuestra web BodegaGarzon.com","breadcrumb":{"@id":"https:\/\/bodegagarzon.com\/pt\/noticias\/atualidade\/sunset-en-la-susana\/#breadcrumb"},"inLanguage":"pt-PT","potentialAction":[{"@type":"ReadAction","target":["https:\/\/bodegagarzon.com\/pt\/noticias\/atualidade\/sunset-en-la-susana\/"]}]},{"@type":"BreadcrumbList","@id":"https:\/\/bodegagarzon.com\/pt\/noticias\/atualidade\/sunset-en-la-susana\/#breadcrumb","itemListElement":[{"@type":"ListItem","position":1,"name":"Sunset em La Susana, Jos\u00e9 Ignacio"}]},{"@type":"Person","@id":"https:\/\/bodegagarzon.com\/es\/#\/schema\/person\/5374fa733cac68c9449d39f8ab9b9e53","name":"Mat\u00edas Guerreros","image":{"@type":"ImageObject","inLanguage":"pt-PT","@id":"https:\/\/bodegagarzon.com\/es\/#\/schema\/person\/image\/","url":"https:\/\/secure.gravatar.com\/avatar\/8e66c3de37c23832002fd9204bf4199f?s=96&d=mm&r=g","contentUrl":"https:\/\/secure.gravatar.com\/avatar\/8e66c3de37c23832002fd9204bf4199f?s=96&d=mm&r=g","caption":"Mat\u00edas Guerreros"}}]}},"_links":{"self":[{"href":"https:\/\/bodegagarzon.com\/pt\/wp-json\/wp\/v2\/posts\/81180"}],"collection":[{"href":"https:\/\/bodegagarzon.com\/pt\/wp-json\/wp\/v2\/posts"}],"about":[{"href":"https:\/\/bodegagarzon.com\/pt\/wp-json\/wp\/v2\/types\/post"}],"author":[{"embeddable":true,"href":"https:\/\/bodegagarzon.com\/pt\/wp-json\/wp\/v2\/users\/15"}],"replies":[{"embeddable":true,"href":"https:\/\/bodegagarzon.com\/pt\/wp-json\/wp\/v2\/comments?post=81180"}],"version-history":[{"count":1,"href":"https:\/\/bodegagarzon.com\/pt\/wp-json\/wp\/v2\/posts\/81180\/revisions"}],"predecessor-version":[{"id":81181,"href":"https:\/\/bodegagarzon.com\/pt\/wp-json\/wp\/v2\/posts\/81180\/revisions\/81181"}],"wp:featuredmedia":[{"embeddable":true,"href":"https:\/\/bodegagarzon.com\/pt\/wp-json\/wp\/v2\/media\/80546"}],"wp:attachment":[{"href":"https:\/\/bodegagarzon.com\/pt\/wp-json\/wp\/v2\/media?parent=81180"}],"wp:term":[{"taxonomy":"category","embeddable":true,"href":"https:\/\/bodegagarzon.com\/pt\/wp-json\/wp\/v2\/categories?post=81180"},{"taxonomy":"post_tag","embeddable":true,"href":"https:\/\/bodegagarzon.com\/pt\/wp-json\/wp\/v2\/tags?post=81180"}],"curies":[{"name":"wp","href":"https:\/\/api.w.org\/{rel}","templated":true}]}}