{"id":73715,"date":"2023-03-10T11:40:39","date_gmt":"2023-03-10T14:40:39","guid":{"rendered":"https:\/\/bodegagarzon.com\/?p=73715"},"modified":"2023-03-10T11:40:39","modified_gmt":"2023-03-10T14:40:39","slug":"festa-da-vindimia-2023","status":"publish","type":"post","link":"\/pt\/noticias\/atualidade\/festa-da-vindimia-2023\/","title":{"rendered":"Festa da Vindimia 2023"},"content":{"rendered":"<p>A Bodega Garz\u00f3n celebrou a Festa da Vindima, o evento mais importante do ano que se tornou um cl\u00e1ssico de cada temporada na Garz\u00f3n.<\/p>\n<p>No passado dia s\u00e1bado 4 de mar\u00e7o, a Bodega Garz\u00f3n festejou, mais uma vez, uma nova vindima na sua vin\u00edcola com a presen\u00e7a de mais de 350 pessoas.<\/p>\n<p>Este grande evento come\u00e7ou com uma recep\u00e7\u00e3o dos convidados na vin\u00edcola, que puderam fazer um percurso e conhecer em primeira m\u00e3o o processo de elabora\u00e7\u00e3o desses vinhos finos junto a Germ\u00e1n Bruzzone, En\u00f3logo, respons\u00e1vel de vin\u00edcola e vinhedo. Um processo realizado com os mais altos padr\u00f5es de qualidade e com inova\u00e7\u00e3o aplicada para o cuidado e efici\u00eancia dos recursos energ\u00e9ticos.<\/p>\n<p>A Bodega Garz\u00f3n \u00e9 a primeira vin\u00edcola do mundo em obter a certifica\u00e7\u00e3o LEED por seu desenho 100% sustent\u00e1vel para todas suas instala\u00e7\u00f5es e funcionalidades.<\/p>\n<p>Depois, os convidados chegaram no vinhedo onde uma grande mesa os esperava para desfrutar de um almo\u00e7o com diferentes esta\u00e7\u00f5es de fogos e um menu preparado especialmente por Francis Mallmann, diretor culin\u00e1rio do restaurante da Bodega Garz\u00f3n e sua equipe. O almo\u00e7o contou com uma grande variedade de carnes vermelhas, brancas e legumes da esta\u00e7\u00e3o e esteve acompanhado por uma sele\u00e7\u00e3o especial de vinhos: Magnum Tannat Single Vineyard 2016, Magnum Cabernet Franc Petit Clos 2016, Magnum Albari\u00f1o Single Vineyard 2022, Magnum Pinot Noir Ros\u00e9 2022 e Sauvignon Blanc Reserva 2022.<\/p>\n<p>Al\u00e9m disso, os convidados desfrutaram no final do almo\u00e7o de una edi\u00e7\u00e3o especial em formato Imperial (6l) de Balasto 2018, um dos <em>Grands Vins du Monde<\/em>.<\/p>\n<p>A festa se estendeu at\u00e9 o p\u00f4r do sol, com m\u00fasica ao vivo, dj, a interven\u00e7\u00e3o em um barril por parte de um artista e a experi\u00eancia de colheita onde todos os convidados puderam colher uvas \u00e0 m\u00e3o neste ambiente natural \u00fanico e privilegiado como a Garz\u00f3n.<\/p>\n<p>O evento contou com a presen\u00e7a do Eng. Alejandro P. Bulgheroni e sua fam\u00edlia, propriet\u00e1rios da Bodega Garz\u00f3n e Alberto Antonini, en\u00f3logo assessor do projeto e um dos mais reconhecidos do mundo.<\/p>\n<p>Uma grande festa com o melhor da cozinha de fogos, vinho, m\u00fasica, natureza e a magia da Bodega Garz\u00f3n.<\/p>\n<p>Uma experi\u00eancia inesquec\u00edvel para a grande vindima 2023.<\/p>\n<p><iframe loading=\"lazy\" title=\"Fiesta de la Vendimia 2023.\" width=\"1200\" height=\"675\" src=\"https:\/\/www.youtube.com\/embed\/-Aqp78RbI9c?feature=oembed&#038;enablejsapi=1&#038;origin=https:\/\/bodegagarzon.com\" frameborder=\"0\" allow=\"accelerometer; autoplay; clipboard-write; encrypted-media; gyroscope; picture-in-picture; web-share\" allowfullscreen><\/iframe><\/p>\n","protected":false},"excerpt":{"rendered":"<p>A Bodega Garz\u00f3n celebrou a Festa da Vindima, o evento mais importante do ano que se tornou um cl\u00e1ssico de cada temporada na Garz\u00f3n.<\/p>\n","protected":false},"author":15,"featured_media":73673,"comment_status":"open","ping_status":"closed","sticky":false,"template":"","format":"standard","meta":{"inline_featured_image":false,"generate_page_header":""},"categories":[465],"tags":[],"acf":[],"yoast_head":"<!-- This site is optimized with the Yoast SEO plugin v19.1 - https:\/\/yoast.com\/wordpress\/plugins\/seo\/ -->\n<title>Festa da Vindimia 2023<\/title>\n<meta name=\"description\" content=\"Festa da Vindimia 2023 en Bodega Garz\u00f3n. Descubre m\u00e1s en nuestra web BodegaGarzon.com\" \/>\n<meta name=\"robots\" content=\"index, follow, max-snippet:-1, max-image-preview:large, max-video-preview:-1\" \/>\n<link rel=\"canonical\" href=\"https:\/\/bodegagarzon.com\/pt\/noticias\/atualidade\/festa-da-vindimia-2023\/\" \/>\n<meta property=\"og:locale\" content=\"pt_PT\" \/>\n<meta property=\"og:type\" content=\"article\" \/>\n<meta property=\"og:title\" content=\"Festa da Vindimia 2023\" \/>\n<meta property=\"og:description\" content=\"Festa da Vindimia 2023 en Bodega Garz\u00f3n. Descubre m\u00e1s en nuestra web BodegaGarzon.com\" \/>\n<meta property=\"og:url\" content=\"\/pt\/noticias\/atualidade\/festa-da-vindimia-2023\/\" \/>\n<meta property=\"og:site_name\" content=\"Bodega Garz\u00f3n\" \/>\n<meta property=\"article:publisher\" content=\"https:\/\/www.facebook.com\/ExperienciasGarzon\/\" \/>\n<meta property=\"article:published_time\" content=\"2023-03-10T14:40:39+00:00\" \/>\n<meta property=\"og:image\" content=\"https:\/\/bodegagarzon.com\/wp-content\/uploads\/2023\/03\/WhatsApp-Image-2023-03-07-at-10.44.51.jpeg\" \/>\n\t<meta property=\"og:image:width\" content=\"2048\" \/>\n\t<meta property=\"og:image:height\" content=\"1366\" \/>\n\t<meta property=\"og:image:type\" content=\"image\/jpeg\" \/>\n<meta name=\"twitter:card\" content=\"summary_large_image\" \/>\n<meta name=\"twitter:creator\" content=\"@BodegaGarzon\" \/>\n<meta name=\"twitter:site\" content=\"@BodegaGarzon\" \/>\n<meta name=\"twitter:label1\" content=\"Escrito por\" \/>\n\t<meta name=\"twitter:data1\" content=\"Mat\u00edas Guerreros\" \/>\n\t<meta name=\"twitter:label2\" content=\"Tempo estimado de leitura\" \/>\n\t<meta name=\"twitter:data2\" content=\"2 minutos\" \/>\n<script type=\"application\/ld+json\" class=\"yoast-schema-graph\">{\"@context\":\"https:\/\/schema.org\",\"@graph\":[{\"@type\":\"WebSite\",\"@id\":\"https:\/\/bodegagarzon.com\/es\/#website\",\"url\":\"https:\/\/bodegagarzon.com\/es\/\",\"name\":\"Bodega Garz\u00f3n\",\"description\":\"Exclusivos y aut\u00e9nticos vinos uruguayos\",\"potentialAction\":[{\"@type\":\"SearchAction\",\"target\":{\"@type\":\"EntryPoint\",\"urlTemplate\":\"https:\/\/bodegagarzon.com\/es\/?s={search_term_string}\"},\"query-input\":\"required name=search_term_string\"}],\"inLanguage\":\"pt-PT\"},{\"@type\":\"ImageObject\",\"inLanguage\":\"pt-PT\",\"@id\":\"https:\/\/bodegagarzon.com\/pt\/noticias\/atualidade\/festa-da-vindimia-2023\/#primaryimage\",\"url\":\"https:\/\/bodegagarzon.com\/wp-content\/uploads\/2023\/03\/WhatsApp-Image-2023-03-07-at-10.44.51.jpeg\",\"contentUrl\":\"https:\/\/bodegagarzon.com\/wp-content\/uploads\/2023\/03\/WhatsApp-Image-2023-03-07-at-10.44.51.jpeg\",\"width\":2048,\"height\":1366,\"caption\":\"fiesta vendimia 2023\"},{\"@type\":\"WebPage\",\"@id\":\"https:\/\/bodegagarzon.com\/pt\/noticias\/atualidade\/festa-da-vindimia-2023\/#webpage\",\"url\":\"https:\/\/bodegagarzon.com\/pt\/noticias\/atualidade\/festa-da-vindimia-2023\/\",\"name\":\"Festa da Vindimia 2023\",\"isPartOf\":{\"@id\":\"https:\/\/bodegagarzon.com\/es\/#website\"},\"primaryImageOfPage\":{\"@id\":\"https:\/\/bodegagarzon.com\/pt\/noticias\/atualidade\/festa-da-vindimia-2023\/#primaryimage\"},\"datePublished\":\"2023-03-10T14:40:39+00:00\",\"dateModified\":\"2023-03-10T14:40:39+00:00\",\"author\":{\"@id\":\"https:\/\/bodegagarzon.com\/es\/#\/schema\/person\/5374fa733cac68c9449d39f8ab9b9e53\"},\"description\":\"Festa da Vindimia 2023 en Bodega Garz\u00f3n. Descubre m\u00e1s en nuestra web BodegaGarzon.com\",\"breadcrumb\":{\"@id\":\"https:\/\/bodegagarzon.com\/pt\/noticias\/atualidade\/festa-da-vindimia-2023\/#breadcrumb\"},\"inLanguage\":\"pt-PT\",\"potentialAction\":[{\"@type\":\"ReadAction\",\"target\":[\"https:\/\/bodegagarzon.com\/pt\/noticias\/atualidade\/festa-da-vindimia-2023\/\"]}]},{\"@type\":\"BreadcrumbList\",\"@id\":\"https:\/\/bodegagarzon.com\/pt\/noticias\/atualidade\/festa-da-vindimia-2023\/#breadcrumb\",\"itemListElement\":[{\"@type\":\"ListItem\",\"position\":1,\"name\":\"Festa da Vindimia 2023\"}]},{\"@type\":\"Person\",\"@id\":\"https:\/\/bodegagarzon.com\/es\/#\/schema\/person\/5374fa733cac68c9449d39f8ab9b9e53\",\"name\":\"Mat\u00edas Guerreros\",\"image\":{\"@type\":\"ImageObject\",\"inLanguage\":\"pt-PT\",\"@id\":\"https:\/\/bodegagarzon.com\/es\/#\/schema\/person\/image\/\",\"url\":\"https:\/\/secure.gravatar.com\/avatar\/8e66c3de37c23832002fd9204bf4199f?s=96&d=mm&r=g\",\"contentUrl\":\"https:\/\/secure.gravatar.com\/avatar\/8e66c3de37c23832002fd9204bf4199f?s=96&d=mm&r=g\",\"caption\":\"Mat\u00edas Guerreros\"}}]}<\/script>\n<!-- \/ Yoast SEO plugin. -->","yoast_head_json":{"title":"Festa da Vindimia 2023","description":"Festa da Vindimia 2023 en Bodega Garz\u00f3n. Descubre m\u00e1s en nuestra web BodegaGarzon.com","robots":{"index":"index","follow":"follow","max-snippet":"max-snippet:-1","max-image-preview":"max-image-preview:large","max-video-preview":"max-video-preview:-1"},"canonical":"https:\/\/bodegagarzon.com\/pt\/noticias\/atualidade\/festa-da-vindimia-2023\/","og_locale":"pt_PT","og_type":"article","og_title":"Festa da Vindimia 2023","og_description":"Festa da Vindimia 2023 en Bodega Garz\u00f3n. Descubre m\u00e1s en nuestra web BodegaGarzon.com","og_url":"\/pt\/noticias\/atualidade\/festa-da-vindimia-2023\/","og_site_name":"Bodega Garz\u00f3n","article_publisher":"https:\/\/www.facebook.com\/ExperienciasGarzon\/","article_published_time":"2023-03-10T14:40:39+00:00","og_image":[{"width":2048,"height":1366,"url":"https:\/\/bodegagarzon.com\/wp-content\/uploads\/2023\/03\/WhatsApp-Image-2023-03-07-at-10.44.51.jpeg","type":"image\/jpeg"}],"twitter_card":"summary_large_image","twitter_creator":"@BodegaGarzon","twitter_site":"@BodegaGarzon","twitter_misc":{"Escrito por":"Mat\u00edas Guerreros","Tempo estimado de leitura":"2 minutos"},"schema":{"@context":"https:\/\/schema.org","@graph":[{"@type":"WebSite","@id":"https:\/\/bodegagarzon.com\/es\/#website","url":"https:\/\/bodegagarzon.com\/es\/","name":"Bodega Garz\u00f3n","description":"Exclusivos y aut\u00e9nticos vinos uruguayos","potentialAction":[{"@type":"SearchAction","target":{"@type":"EntryPoint","urlTemplate":"https:\/\/bodegagarzon.com\/es\/?s={search_term_string}"},"query-input":"required name=search_term_string"}],"inLanguage":"pt-PT"},{"@type":"ImageObject","inLanguage":"pt-PT","@id":"https:\/\/bodegagarzon.com\/pt\/noticias\/atualidade\/festa-da-vindimia-2023\/#primaryimage","url":"https:\/\/bodegagarzon.com\/wp-content\/uploads\/2023\/03\/WhatsApp-Image-2023-03-07-at-10.44.51.jpeg","contentUrl":"https:\/\/bodegagarzon.com\/wp-content\/uploads\/2023\/03\/WhatsApp-Image-2023-03-07-at-10.44.51.jpeg","width":2048,"height":1366,"caption":"fiesta vendimia 2023"},{"@type":"WebPage","@id":"https:\/\/bodegagarzon.com\/pt\/noticias\/atualidade\/festa-da-vindimia-2023\/#webpage","url":"https:\/\/bodegagarzon.com\/pt\/noticias\/atualidade\/festa-da-vindimia-2023\/","name":"Festa da Vindimia 2023","isPartOf":{"@id":"https:\/\/bodegagarzon.com\/es\/#website"},"primaryImageOfPage":{"@id":"https:\/\/bodegagarzon.com\/pt\/noticias\/atualidade\/festa-da-vindimia-2023\/#primaryimage"},"datePublished":"2023-03-10T14:40:39+00:00","dateModified":"2023-03-10T14:40:39+00:00","author":{"@id":"https:\/\/bodegagarzon.com\/es\/#\/schema\/person\/5374fa733cac68c9449d39f8ab9b9e53"},"description":"Festa da Vindimia 2023 en Bodega Garz\u00f3n. Descubre m\u00e1s en nuestra web BodegaGarzon.com","breadcrumb":{"@id":"https:\/\/bodegagarzon.com\/pt\/noticias\/atualidade\/festa-da-vindimia-2023\/#breadcrumb"},"inLanguage":"pt-PT","potentialAction":[{"@type":"ReadAction","target":["https:\/\/bodegagarzon.com\/pt\/noticias\/atualidade\/festa-da-vindimia-2023\/"]}]},{"@type":"BreadcrumbList","@id":"https:\/\/bodegagarzon.com\/pt\/noticias\/atualidade\/festa-da-vindimia-2023\/#breadcrumb","itemListElement":[{"@type":"ListItem","position":1,"name":"Festa da Vindimia 2023"}]},{"@type":"Person","@id":"https:\/\/bodegagarzon.com\/es\/#\/schema\/person\/5374fa733cac68c9449d39f8ab9b9e53","name":"Mat\u00edas Guerreros","image":{"@type":"ImageObject","inLanguage":"pt-PT","@id":"https:\/\/bodegagarzon.com\/es\/#\/schema\/person\/image\/","url":"https:\/\/secure.gravatar.com\/avatar\/8e66c3de37c23832002fd9204bf4199f?s=96&d=mm&r=g","contentUrl":"https:\/\/secure.gravatar.com\/avatar\/8e66c3de37c23832002fd9204bf4199f?s=96&d=mm&r=g","caption":"Mat\u00edas Guerreros"}}]}},"_links":{"self":[{"href":"https:\/\/bodegagarzon.com\/pt\/wp-json\/wp\/v2\/posts\/73715"}],"collection":[{"href":"https:\/\/bodegagarzon.com\/pt\/wp-json\/wp\/v2\/posts"}],"about":[{"href":"https:\/\/bodegagarzon.com\/pt\/wp-json\/wp\/v2\/types\/post"}],"author":[{"embeddable":true,"href":"https:\/\/bodegagarzon.com\/pt\/wp-json\/wp\/v2\/users\/15"}],"replies":[{"embeddable":true,"href":"https:\/\/bodegagarzon.com\/pt\/wp-json\/wp\/v2\/comments?post=73715"}],"version-history":[{"count":1,"href":"https:\/\/bodegagarzon.com\/pt\/wp-json\/wp\/v2\/posts\/73715\/revisions"}],"predecessor-version":[{"id":73716,"href":"https:\/\/bodegagarzon.com\/pt\/wp-json\/wp\/v2\/posts\/73715\/revisions\/73716"}],"wp:featuredmedia":[{"embeddable":true,"href":"https:\/\/bodegagarzon.com\/pt\/wp-json\/wp\/v2\/media\/73673"}],"wp:attachment":[{"href":"https:\/\/bodegagarzon.com\/pt\/wp-json\/wp\/v2\/media?parent=73715"}],"wp:term":[{"taxonomy":"category","embeddable":true,"href":"https:\/\/bodegagarzon.com\/pt\/wp-json\/wp\/v2\/categories?post=73715"},{"taxonomy":"post_tag","embeddable":true,"href":"https:\/\/bodegagarzon.com\/pt\/wp-json\/wp\/v2\/tags?post=73715"}],"curies":[{"name":"wp","href":"https:\/\/api.w.org\/{rel}","templated":true}]}}