{"id":62021,"date":"2021-10-27T12:20:22","date_gmt":"2021-10-27T15:20:22","guid":{"rendered":"https:\/\/bodegagarzon.com\/?p=62021"},"modified":"2021-10-27T12:20:22","modified_gmt":"2021-10-27T15:20:22","slug":"prowine-sao-paulo","status":"publish","type":"post","link":"\/pt\/noticias\/atualidade\/prowine-sao-paulo\/","title":{"rendered":"ProWine Sao Paulo"},"content":{"rendered":"<p>Do dia 5 ao dia 7 de outubro participamos de uma nova edi\u00e7\u00e3o da\u00a0ProWine, uma das feiras mais importantes do mundo que nesta oportunidade teve sua edi\u00e7\u00e3o na cidade de S\u00e3o Paulo, Brasil.<\/p>\n<p>Esta feira, que marcou a volta aos eventos presenciais para a Bodega Garz\u00f3n, reuniu durante 3 dias as vin\u00edcolas mais importantes da regi\u00e3o para apresentar seus principais r\u00f3tulos na Expo Center Norte.<\/p>\n<p>Durante o evento os convidados experimentaram diferentes vinhos Garz\u00f3n acompanhados pela equipe da World Wine, distribuidor\u00a0exclusivo\u00a0da vin\u00edcola no Brasil. Al\u00e9m disso, com a presen\u00e7a do engenheiro agr\u00f4nomo da vin\u00edcola Eduardo F\u00e9lix, foi realizada uma masterclass para referentes do setor vitivin\u00edcola e jornalistas onde\u00a0foi apresentada uma vertical de Balasto 2016, 2017 e 2018. Um dos Grands Vins du Monde que teve seu lan\u00e7amento por quinto ano consecutivo no m\u00eas de setembro na Place de Bordeaux, um local reservado exclusivamente para os melhores r\u00f3tulos do mundo.<\/p>\n<p>Durante a masterclass, os assistentes apreciaram as caracter\u00edsticas deste vinho e conheceram de primeira m\u00e3o o projeto Bodega Garz\u00f3n.<\/p>\n<p>A pr\u00f3xima edi\u00e7\u00e3o da\u00a0ProWine\u00a0S\u00e3o Paulo j\u00e1 tem data marcada e vai ser do dia 27 ao dia 29 de setembro de 2022. Convidamos voc\u00eas para conhecer mais:\u00a0<a href=\"https:\/\/prowinesaopaulo.com\/\">\/www.prowinesaopaulo.com<\/a><\/p>\n","protected":false},"excerpt":{"rendered":"<p>Do dia 5 ao dia 7 de outubro participamos de uma nova edi\u00e7\u00e3o da\u00a0ProWine, uma das feiras mais importantes do mundo que nesta oportunidade teve sua edi\u00e7\u00e3o na cidade de S\u00e3o Paulo, Brasil.\u00a0<\/p>\n","protected":false},"author":15,"featured_media":61867,"comment_status":"open","ping_status":"closed","sticky":false,"template":"","format":"standard","meta":{"inline_featured_image":false,"generate_page_header":""},"categories":[465,473],"tags":[],"acf":[],"yoast_head":"<!-- This site is optimized with the Yoast SEO plugin v19.1 - https:\/\/yoast.com\/wordpress\/plugins\/seo\/ -->\n<title>ProWine Sao Paulo<\/title>\n<meta name=\"description\" content=\"ProWine Sao Paulo en Bodega Garz\u00f3n. Descubre m\u00e1s en nuestra web BodegaGarzon.com\" \/>\n<meta name=\"robots\" content=\"index, follow, max-snippet:-1, max-image-preview:large, max-video-preview:-1\" \/>\n<link rel=\"canonical\" href=\"https:\/\/bodegagarzon.com\/pt\/noticias\/atualidade\/prowine-sao-paulo\/\" \/>\n<meta property=\"og:locale\" content=\"pt_PT\" \/>\n<meta property=\"og:type\" content=\"article\" \/>\n<meta property=\"og:title\" content=\"ProWine Sao Paulo\" \/>\n<meta property=\"og:description\" content=\"ProWine Sao Paulo en Bodega Garz\u00f3n. Descubre m\u00e1s en nuestra web BodegaGarzon.com\" \/>\n<meta property=\"og:url\" content=\"\/pt\/noticias\/atualidade\/prowine-sao-paulo\/\" \/>\n<meta property=\"og:site_name\" content=\"Bodega Garz\u00f3n\" \/>\n<meta property=\"article:publisher\" content=\"https:\/\/www.facebook.com\/ExperienciasGarzon\/\" \/>\n<meta property=\"article:published_time\" content=\"2021-10-27T15:20:22+00:00\" \/>\n<meta property=\"og:image\" content=\"https:\/\/bodegagarzon.com\/wp-content\/uploads\/2021\/10\/Captura-de-pantalla-2021-10-13-a-las-14.18.11.png\" \/>\n\t<meta property=\"og:image:width\" content=\"1304\" \/>\n\t<meta property=\"og:image:height\" content=\"842\" \/>\n\t<meta property=\"og:image:type\" content=\"image\/png\" \/>\n<meta name=\"twitter:card\" content=\"summary_large_image\" \/>\n<meta name=\"twitter:creator\" content=\"@BodegaGarzon\" \/>\n<meta name=\"twitter:site\" content=\"@BodegaGarzon\" \/>\n<meta name=\"twitter:label1\" content=\"Escrito por\" \/>\n\t<meta name=\"twitter:data1\" content=\"Mat\u00edas Guerreros\" \/>\n\t<meta name=\"twitter:label2\" content=\"Tempo estimado de leitura\" \/>\n\t<meta name=\"twitter:data2\" content=\"1 minuto\" \/>\n<script type=\"application\/ld+json\" class=\"yoast-schema-graph\">{\"@context\":\"https:\/\/schema.org\",\"@graph\":[{\"@type\":\"WebSite\",\"@id\":\"https:\/\/bodegagarzon.com\/es\/#website\",\"url\":\"https:\/\/bodegagarzon.com\/es\/\",\"name\":\"Bodega Garz\u00f3n\",\"description\":\"Exclusivos y aut\u00e9nticos vinos uruguayos\",\"potentialAction\":[{\"@type\":\"SearchAction\",\"target\":{\"@type\":\"EntryPoint\",\"urlTemplate\":\"https:\/\/bodegagarzon.com\/es\/?s={search_term_string}\"},\"query-input\":\"required name=search_term_string\"}],\"inLanguage\":\"pt-PT\"},{\"@type\":\"ImageObject\",\"inLanguage\":\"pt-PT\",\"@id\":\"https:\/\/bodegagarzon.com\/pt\/noticias\/atualidade\/prowine-sao-paulo\/#primaryimage\",\"url\":\"https:\/\/bodegagarzon.com\/wp-content\/uploads\/2021\/10\/Captura-de-pantalla-2021-10-13-a-las-14.18.11.png\",\"contentUrl\":\"https:\/\/bodegagarzon.com\/wp-content\/uploads\/2021\/10\/Captura-de-pantalla-2021-10-13-a-las-14.18.11.png\",\"width\":1304,\"height\":842,\"caption\":\"prowine\"},{\"@type\":\"WebPage\",\"@id\":\"https:\/\/bodegagarzon.com\/pt\/noticias\/atualidade\/prowine-sao-paulo\/#webpage\",\"url\":\"https:\/\/bodegagarzon.com\/pt\/noticias\/atualidade\/prowine-sao-paulo\/\",\"name\":\"ProWine Sao Paulo\",\"isPartOf\":{\"@id\":\"https:\/\/bodegagarzon.com\/es\/#website\"},\"primaryImageOfPage\":{\"@id\":\"https:\/\/bodegagarzon.com\/pt\/noticias\/atualidade\/prowine-sao-paulo\/#primaryimage\"},\"datePublished\":\"2021-10-27T15:20:22+00:00\",\"dateModified\":\"2021-10-27T15:20:22+00:00\",\"author\":{\"@id\":\"https:\/\/bodegagarzon.com\/es\/#\/schema\/person\/5374fa733cac68c9449d39f8ab9b9e53\"},\"description\":\"ProWine Sao Paulo en Bodega Garz\u00f3n. Descubre m\u00e1s en nuestra web BodegaGarzon.com\",\"breadcrumb\":{\"@id\":\"https:\/\/bodegagarzon.com\/pt\/noticias\/atualidade\/prowine-sao-paulo\/#breadcrumb\"},\"inLanguage\":\"pt-PT\",\"potentialAction\":[{\"@type\":\"ReadAction\",\"target\":[\"https:\/\/bodegagarzon.com\/pt\/noticias\/atualidade\/prowine-sao-paulo\/\"]}]},{\"@type\":\"BreadcrumbList\",\"@id\":\"https:\/\/bodegagarzon.com\/pt\/noticias\/atualidade\/prowine-sao-paulo\/#breadcrumb\",\"itemListElement\":[{\"@type\":\"ListItem\",\"position\":1,\"name\":\"ProWine Sao Paulo\"}]},{\"@type\":\"Person\",\"@id\":\"https:\/\/bodegagarzon.com\/es\/#\/schema\/person\/5374fa733cac68c9449d39f8ab9b9e53\",\"name\":\"Mat\u00edas Guerreros\",\"image\":{\"@type\":\"ImageObject\",\"inLanguage\":\"pt-PT\",\"@id\":\"https:\/\/bodegagarzon.com\/es\/#\/schema\/person\/image\/\",\"url\":\"https:\/\/secure.gravatar.com\/avatar\/8e66c3de37c23832002fd9204bf4199f?s=96&d=mm&r=g\",\"contentUrl\":\"https:\/\/secure.gravatar.com\/avatar\/8e66c3de37c23832002fd9204bf4199f?s=96&d=mm&r=g\",\"caption\":\"Mat\u00edas Guerreros\"}}]}<\/script>\n<!-- \/ Yoast SEO plugin. -->","yoast_head_json":{"title":"ProWine Sao Paulo","description":"ProWine Sao Paulo en Bodega Garz\u00f3n. Descubre m\u00e1s en nuestra web BodegaGarzon.com","robots":{"index":"index","follow":"follow","max-snippet":"max-snippet:-1","max-image-preview":"max-image-preview:large","max-video-preview":"max-video-preview:-1"},"canonical":"https:\/\/bodegagarzon.com\/pt\/noticias\/atualidade\/prowine-sao-paulo\/","og_locale":"pt_PT","og_type":"article","og_title":"ProWine Sao Paulo","og_description":"ProWine Sao Paulo en Bodega Garz\u00f3n. Descubre m\u00e1s en nuestra web BodegaGarzon.com","og_url":"\/pt\/noticias\/atualidade\/prowine-sao-paulo\/","og_site_name":"Bodega Garz\u00f3n","article_publisher":"https:\/\/www.facebook.com\/ExperienciasGarzon\/","article_published_time":"2021-10-27T15:20:22+00:00","og_image":[{"width":1304,"height":842,"url":"https:\/\/bodegagarzon.com\/wp-content\/uploads\/2021\/10\/Captura-de-pantalla-2021-10-13-a-las-14.18.11.png","type":"image\/png"}],"twitter_card":"summary_large_image","twitter_creator":"@BodegaGarzon","twitter_site":"@BodegaGarzon","twitter_misc":{"Escrito por":"Mat\u00edas Guerreros","Tempo estimado de leitura":"1 minuto"},"schema":{"@context":"https:\/\/schema.org","@graph":[{"@type":"WebSite","@id":"https:\/\/bodegagarzon.com\/es\/#website","url":"https:\/\/bodegagarzon.com\/es\/","name":"Bodega Garz\u00f3n","description":"Exclusivos y aut\u00e9nticos vinos uruguayos","potentialAction":[{"@type":"SearchAction","target":{"@type":"EntryPoint","urlTemplate":"https:\/\/bodegagarzon.com\/es\/?s={search_term_string}"},"query-input":"required name=search_term_string"}],"inLanguage":"pt-PT"},{"@type":"ImageObject","inLanguage":"pt-PT","@id":"https:\/\/bodegagarzon.com\/pt\/noticias\/atualidade\/prowine-sao-paulo\/#primaryimage","url":"https:\/\/bodegagarzon.com\/wp-content\/uploads\/2021\/10\/Captura-de-pantalla-2021-10-13-a-las-14.18.11.png","contentUrl":"https:\/\/bodegagarzon.com\/wp-content\/uploads\/2021\/10\/Captura-de-pantalla-2021-10-13-a-las-14.18.11.png","width":1304,"height":842,"caption":"prowine"},{"@type":"WebPage","@id":"https:\/\/bodegagarzon.com\/pt\/noticias\/atualidade\/prowine-sao-paulo\/#webpage","url":"https:\/\/bodegagarzon.com\/pt\/noticias\/atualidade\/prowine-sao-paulo\/","name":"ProWine Sao Paulo","isPartOf":{"@id":"https:\/\/bodegagarzon.com\/es\/#website"},"primaryImageOfPage":{"@id":"https:\/\/bodegagarzon.com\/pt\/noticias\/atualidade\/prowine-sao-paulo\/#primaryimage"},"datePublished":"2021-10-27T15:20:22+00:00","dateModified":"2021-10-27T15:20:22+00:00","author":{"@id":"https:\/\/bodegagarzon.com\/es\/#\/schema\/person\/5374fa733cac68c9449d39f8ab9b9e53"},"description":"ProWine Sao Paulo en Bodega Garz\u00f3n. Descubre m\u00e1s en nuestra web BodegaGarzon.com","breadcrumb":{"@id":"https:\/\/bodegagarzon.com\/pt\/noticias\/atualidade\/prowine-sao-paulo\/#breadcrumb"},"inLanguage":"pt-PT","potentialAction":[{"@type":"ReadAction","target":["https:\/\/bodegagarzon.com\/pt\/noticias\/atualidade\/prowine-sao-paulo\/"]}]},{"@type":"BreadcrumbList","@id":"https:\/\/bodegagarzon.com\/pt\/noticias\/atualidade\/prowine-sao-paulo\/#breadcrumb","itemListElement":[{"@type":"ListItem","position":1,"name":"ProWine Sao Paulo"}]},{"@type":"Person","@id":"https:\/\/bodegagarzon.com\/es\/#\/schema\/person\/5374fa733cac68c9449d39f8ab9b9e53","name":"Mat\u00edas Guerreros","image":{"@type":"ImageObject","inLanguage":"pt-PT","@id":"https:\/\/bodegagarzon.com\/es\/#\/schema\/person\/image\/","url":"https:\/\/secure.gravatar.com\/avatar\/8e66c3de37c23832002fd9204bf4199f?s=96&d=mm&r=g","contentUrl":"https:\/\/secure.gravatar.com\/avatar\/8e66c3de37c23832002fd9204bf4199f?s=96&d=mm&r=g","caption":"Mat\u00edas Guerreros"}}]}},"_links":{"self":[{"href":"https:\/\/bodegagarzon.com\/pt\/wp-json\/wp\/v2\/posts\/62021"}],"collection":[{"href":"https:\/\/bodegagarzon.com\/pt\/wp-json\/wp\/v2\/posts"}],"about":[{"href":"https:\/\/bodegagarzon.com\/pt\/wp-json\/wp\/v2\/types\/post"}],"author":[{"embeddable":true,"href":"https:\/\/bodegagarzon.com\/pt\/wp-json\/wp\/v2\/users\/15"}],"replies":[{"embeddable":true,"href":"https:\/\/bodegagarzon.com\/pt\/wp-json\/wp\/v2\/comments?post=62021"}],"version-history":[{"count":1,"href":"https:\/\/bodegagarzon.com\/pt\/wp-json\/wp\/v2\/posts\/62021\/revisions"}],"predecessor-version":[{"id":62022,"href":"https:\/\/bodegagarzon.com\/pt\/wp-json\/wp\/v2\/posts\/62021\/revisions\/62022"}],"wp:featuredmedia":[{"embeddable":true,"href":"https:\/\/bodegagarzon.com\/pt\/wp-json\/wp\/v2\/media\/61867"}],"wp:attachment":[{"href":"https:\/\/bodegagarzon.com\/pt\/wp-json\/wp\/v2\/media?parent=62021"}],"wp:term":[{"taxonomy":"category","embeddable":true,"href":"https:\/\/bodegagarzon.com\/pt\/wp-json\/wp\/v2\/categories?post=62021"},{"taxonomy":"post_tag","embeddable":true,"href":"https:\/\/bodegagarzon.com\/pt\/wp-json\/wp\/v2\/tags?post=62021"}],"curies":[{"name":"wp","href":"https:\/\/api.w.org\/{rel}","templated":true}]}}