{"id":29320,"date":"2019-07-17T17:00:35","date_gmt":"2019-07-17T20:00:35","guid":{"rendered":"https:\/\/bodegagarzon.com\/?p=29320"},"modified":"2019-11-18T10:44:16","modified_gmt":"2019-11-18T13:44:16","slug":"uruguay-entre-vinas","status":"publish","type":"post","link":"\/pt\/noticias\/atualidade\/uruguay-entre-vinas\/","title":{"rendered":"Uruguay entre Vi\u00f1as"},"content":{"rendered":"<p>Com o reconhecido sommelier uruguaio Charlie Arturaola como apresentador, participamos de \u201cUruguai entre vinhas\u201d, uma s\u00e9rie documental que percorre a tradi\u00e7\u00e3o e a hist\u00f3ria do vinho uruguaio, em um tour por 16 vin\u00edcolas do pa\u00eds.<\/p>\n<p>Esta produ\u00e7\u00e3o foi emitida para toda a Am\u00e9rica Latina e o Brasil atrav\u00e9s de Food Network LATAM e Discovery Travel &amp; Living Channel (TLC) e no pr\u00f3ximo dia 30 de novembro chega na telinha do Canal 10.<\/p>\n<p>Convidamos voc\u00eas para desfrutar do trailer do cap\u00edtulo 7 com a Bodega Garz\u00f3n como protagonista.<\/p>\n<p><iframe loading=\"lazy\" title=\"Uruguay entre vi\u00f1as - Bodega Garz\u00f3n\" width=\"1200\" height=\"675\" src=\"https:\/\/www.youtube.com\/embed\/2o086i70YzU?feature=oembed&#038;enablejsapi=1&#038;origin=https:\/\/bodegagarzon.com\" frameborder=\"0\" allow=\"accelerometer; autoplay; encrypted-media; gyroscope; picture-in-picture\" allowfullscreen><\/iframe><\/p>\n<p>&nbsp;<\/p>\n","protected":false},"excerpt":{"rendered":"<p>Com o reconhecido sommelier uruguaio Charlie Arturaola como apresentador, participamos de \u201cUruguai entre vinhas\u201d, uma s\u00e9rie documental que percorre a tradi\u00e7\u00e3o e a hist\u00f3ria do vinho uruguaio, em um tour por 16 vin\u00edcolas do pa\u00eds.<\/p>\n","protected":false},"author":15,"featured_media":29058,"comment_status":"open","ping_status":"closed","sticky":false,"template":"","format":"standard","meta":{"inline_featured_image":false,"generate_page_header":""},"categories":[465],"tags":[],"acf":[],"yoast_head":"<!-- This site is optimized with the Yoast SEO plugin v19.1 - https:\/\/yoast.com\/wordpress\/plugins\/seo\/ -->\n<title>Uruguay entre Vi\u00f1as Uruguay entre vi\u00f1as - Bodega Garz\u00f3n<\/title>\n<meta name=\"description\" content=\"Com o reconhecido sommelier uruguaio Charlie Arturaola como apresentador, participamos de \u201cUruguai entre vinhas\u201d 2019 - Documental.\" \/>\n<meta name=\"robots\" content=\"index, follow, max-snippet:-1, max-image-preview:large, max-video-preview:-1\" \/>\n<link rel=\"canonical\" href=\"https:\/\/bodegagarzon.com\/pt\/noticias\/atualidade\/uruguay-entre-vinas\/\" \/>\n<meta property=\"og:locale\" content=\"pt_PT\" \/>\n<meta property=\"og:type\" content=\"article\" \/>\n<meta property=\"og:title\" content=\"Uruguay entre Vi\u00f1as Uruguay entre vi\u00f1as - Bodega Garz\u00f3n\" \/>\n<meta property=\"og:description\" content=\"Com o reconhecido sommelier uruguaio Charlie Arturaola como apresentador, participamos de \u201cUruguai entre vinhas\u201d 2019 - Documental.\" \/>\n<meta property=\"og:url\" content=\"\/pt\/noticias\/atualidade\/uruguay-entre-vinas\/\" \/>\n<meta property=\"og:site_name\" content=\"Bodega Garz\u00f3n\" \/>\n<meta property=\"article:publisher\" content=\"https:\/\/www.facebook.com\/ExperienciasGarzon\/\" \/>\n<meta property=\"article:published_time\" content=\"2019-07-17T20:00:35+00:00\" \/>\n<meta property=\"article:modified_time\" content=\"2019-11-18T13:44:16+00:00\" \/>\n<meta property=\"og:image\" content=\"https:\/\/bodegagarzon.com\/wp-content\/uploads\/2019\/07\/Captura-de-pantalla-2019-07-11-a-las-11.56.27.jpg\" \/>\n\t<meta property=\"og:image:width\" content=\"1290\" \/>\n\t<meta property=\"og:image:height\" content=\"765\" \/>\n\t<meta property=\"og:image:type\" content=\"image\/jpeg\" \/>\n<meta name=\"twitter:card\" content=\"summary_large_image\" \/>\n<meta name=\"twitter:creator\" content=\"@BodegaGarzon\" \/>\n<meta name=\"twitter:site\" content=\"@BodegaGarzon\" \/>\n<meta name=\"twitter:label1\" content=\"Escrito por\" \/>\n\t<meta name=\"twitter:data1\" content=\"Mat\u00edas Guerreros\" \/>\n\t<meta name=\"twitter:label2\" content=\"Tempo estimado de leitura\" \/>\n\t<meta name=\"twitter:data2\" content=\"1 minuto\" \/>\n<script type=\"application\/ld+json\" class=\"yoast-schema-graph\">{\"@context\":\"https:\/\/schema.org\",\"@graph\":[{\"@type\":\"WebSite\",\"@id\":\"https:\/\/bodegagarzon.com\/es\/#website\",\"url\":\"https:\/\/bodegagarzon.com\/es\/\",\"name\":\"Bodega Garz\u00f3n\",\"description\":\"Exclusivos y aut\u00e9nticos vinos uruguayos\",\"potentialAction\":[{\"@type\":\"SearchAction\",\"target\":{\"@type\":\"EntryPoint\",\"urlTemplate\":\"https:\/\/bodegagarzon.com\/es\/?s={search_term_string}\"},\"query-input\":\"required name=search_term_string\"}],\"inLanguage\":\"pt-PT\"},{\"@type\":\"ImageObject\",\"inLanguage\":\"pt-PT\",\"@id\":\"https:\/\/bodegagarzon.com\/pt\/noticias\/atualidade\/uruguay-entre-vinas\/#primaryimage\",\"url\":\"https:\/\/bodegagarzon.com\/wp-content\/uploads\/2019\/07\/Captura-de-pantalla-2019-07-11-a-las-11.56.27.jpg\",\"contentUrl\":\"https:\/\/bodegagarzon.com\/wp-content\/uploads\/2019\/07\/Captura-de-pantalla-2019-07-11-a-las-11.56.27.jpg\",\"width\":1290,\"height\":765,\"caption\":\"uruguay entre vi\u00f1as\"},{\"@type\":\"WebPage\",\"@id\":\"https:\/\/bodegagarzon.com\/pt\/noticias\/atualidade\/uruguay-entre-vinas\/#webpage\",\"url\":\"https:\/\/bodegagarzon.com\/pt\/noticias\/atualidade\/uruguay-entre-vinas\/\",\"name\":\"Uruguay entre Vi\u00f1as Uruguay entre vi\u00f1as - Bodega Garz\u00f3n\",\"isPartOf\":{\"@id\":\"https:\/\/bodegagarzon.com\/es\/#website\"},\"primaryImageOfPage\":{\"@id\":\"https:\/\/bodegagarzon.com\/pt\/noticias\/atualidade\/uruguay-entre-vinas\/#primaryimage\"},\"datePublished\":\"2019-07-17T20:00:35+00:00\",\"dateModified\":\"2019-11-18T13:44:16+00:00\",\"author\":{\"@id\":\"https:\/\/bodegagarzon.com\/es\/#\/schema\/person\/5374fa733cac68c9449d39f8ab9b9e53\"},\"description\":\"Com o reconhecido sommelier uruguaio Charlie Arturaola como apresentador, participamos de \u201cUruguai entre vinhas\u201d 2019 - Documental.\",\"breadcrumb\":{\"@id\":\"https:\/\/bodegagarzon.com\/pt\/noticias\/atualidade\/uruguay-entre-vinas\/#breadcrumb\"},\"inLanguage\":\"pt-PT\",\"potentialAction\":[{\"@type\":\"ReadAction\",\"target\":[\"https:\/\/bodegagarzon.com\/pt\/noticias\/atualidade\/uruguay-entre-vinas\/\"]}]},{\"@type\":\"BreadcrumbList\",\"@id\":\"https:\/\/bodegagarzon.com\/pt\/noticias\/atualidade\/uruguay-entre-vinas\/#breadcrumb\",\"itemListElement\":[{\"@type\":\"ListItem\",\"position\":1,\"name\":\"Uruguay entre Vi\u00f1as\"}]},{\"@type\":\"Person\",\"@id\":\"https:\/\/bodegagarzon.com\/es\/#\/schema\/person\/5374fa733cac68c9449d39f8ab9b9e53\",\"name\":\"Mat\u00edas Guerreros\",\"image\":{\"@type\":\"ImageObject\",\"inLanguage\":\"pt-PT\",\"@id\":\"https:\/\/bodegagarzon.com\/es\/#\/schema\/person\/image\/\",\"url\":\"https:\/\/secure.gravatar.com\/avatar\/8e66c3de37c23832002fd9204bf4199f?s=96&d=mm&r=g\",\"contentUrl\":\"https:\/\/secure.gravatar.com\/avatar\/8e66c3de37c23832002fd9204bf4199f?s=96&d=mm&r=g\",\"caption\":\"Mat\u00edas Guerreros\"}}]}<\/script>\n<!-- \/ Yoast SEO plugin. -->","yoast_head_json":{"title":"Uruguay entre Vi\u00f1as Uruguay entre vi\u00f1as - Bodega Garz\u00f3n","description":"Com o reconhecido sommelier uruguaio Charlie Arturaola como apresentador, participamos de \u201cUruguai entre vinhas\u201d 2019 - Documental.","robots":{"index":"index","follow":"follow","max-snippet":"max-snippet:-1","max-image-preview":"max-image-preview:large","max-video-preview":"max-video-preview:-1"},"canonical":"https:\/\/bodegagarzon.com\/pt\/noticias\/atualidade\/uruguay-entre-vinas\/","og_locale":"pt_PT","og_type":"article","og_title":"Uruguay entre Vi\u00f1as Uruguay entre vi\u00f1as - Bodega Garz\u00f3n","og_description":"Com o reconhecido sommelier uruguaio Charlie Arturaola como apresentador, participamos de \u201cUruguai entre vinhas\u201d 2019 - Documental.","og_url":"\/pt\/noticias\/atualidade\/uruguay-entre-vinas\/","og_site_name":"Bodega Garz\u00f3n","article_publisher":"https:\/\/www.facebook.com\/ExperienciasGarzon\/","article_published_time":"2019-07-17T20:00:35+00:00","article_modified_time":"2019-11-18T13:44:16+00:00","og_image":[{"width":1290,"height":765,"url":"https:\/\/bodegagarzon.com\/wp-content\/uploads\/2019\/07\/Captura-de-pantalla-2019-07-11-a-las-11.56.27.jpg","type":"image\/jpeg"}],"twitter_card":"summary_large_image","twitter_creator":"@BodegaGarzon","twitter_site":"@BodegaGarzon","twitter_misc":{"Escrito por":"Mat\u00edas Guerreros","Tempo estimado de leitura":"1 minuto"},"schema":{"@context":"https:\/\/schema.org","@graph":[{"@type":"WebSite","@id":"https:\/\/bodegagarzon.com\/es\/#website","url":"https:\/\/bodegagarzon.com\/es\/","name":"Bodega Garz\u00f3n","description":"Exclusivos y aut\u00e9nticos vinos uruguayos","potentialAction":[{"@type":"SearchAction","target":{"@type":"EntryPoint","urlTemplate":"https:\/\/bodegagarzon.com\/es\/?s={search_term_string}"},"query-input":"required name=search_term_string"}],"inLanguage":"pt-PT"},{"@type":"ImageObject","inLanguage":"pt-PT","@id":"https:\/\/bodegagarzon.com\/pt\/noticias\/atualidade\/uruguay-entre-vinas\/#primaryimage","url":"https:\/\/bodegagarzon.com\/wp-content\/uploads\/2019\/07\/Captura-de-pantalla-2019-07-11-a-las-11.56.27.jpg","contentUrl":"https:\/\/bodegagarzon.com\/wp-content\/uploads\/2019\/07\/Captura-de-pantalla-2019-07-11-a-las-11.56.27.jpg","width":1290,"height":765,"caption":"uruguay entre vi\u00f1as"},{"@type":"WebPage","@id":"https:\/\/bodegagarzon.com\/pt\/noticias\/atualidade\/uruguay-entre-vinas\/#webpage","url":"https:\/\/bodegagarzon.com\/pt\/noticias\/atualidade\/uruguay-entre-vinas\/","name":"Uruguay entre Vi\u00f1as Uruguay entre vi\u00f1as - Bodega Garz\u00f3n","isPartOf":{"@id":"https:\/\/bodegagarzon.com\/es\/#website"},"primaryImageOfPage":{"@id":"https:\/\/bodegagarzon.com\/pt\/noticias\/atualidade\/uruguay-entre-vinas\/#primaryimage"},"datePublished":"2019-07-17T20:00:35+00:00","dateModified":"2019-11-18T13:44:16+00:00","author":{"@id":"https:\/\/bodegagarzon.com\/es\/#\/schema\/person\/5374fa733cac68c9449d39f8ab9b9e53"},"description":"Com o reconhecido sommelier uruguaio Charlie Arturaola como apresentador, participamos de \u201cUruguai entre vinhas\u201d 2019 - Documental.","breadcrumb":{"@id":"https:\/\/bodegagarzon.com\/pt\/noticias\/atualidade\/uruguay-entre-vinas\/#breadcrumb"},"inLanguage":"pt-PT","potentialAction":[{"@type":"ReadAction","target":["https:\/\/bodegagarzon.com\/pt\/noticias\/atualidade\/uruguay-entre-vinas\/"]}]},{"@type":"BreadcrumbList","@id":"https:\/\/bodegagarzon.com\/pt\/noticias\/atualidade\/uruguay-entre-vinas\/#breadcrumb","itemListElement":[{"@type":"ListItem","position":1,"name":"Uruguay entre Vi\u00f1as"}]},{"@type":"Person","@id":"https:\/\/bodegagarzon.com\/es\/#\/schema\/person\/5374fa733cac68c9449d39f8ab9b9e53","name":"Mat\u00edas Guerreros","image":{"@type":"ImageObject","inLanguage":"pt-PT","@id":"https:\/\/bodegagarzon.com\/es\/#\/schema\/person\/image\/","url":"https:\/\/secure.gravatar.com\/avatar\/8e66c3de37c23832002fd9204bf4199f?s=96&d=mm&r=g","contentUrl":"https:\/\/secure.gravatar.com\/avatar\/8e66c3de37c23832002fd9204bf4199f?s=96&d=mm&r=g","caption":"Mat\u00edas Guerreros"}}]}},"_links":{"self":[{"href":"https:\/\/bodegagarzon.com\/pt\/wp-json\/wp\/v2\/posts\/29320"}],"collection":[{"href":"https:\/\/bodegagarzon.com\/pt\/wp-json\/wp\/v2\/posts"}],"about":[{"href":"https:\/\/bodegagarzon.com\/pt\/wp-json\/wp\/v2\/types\/post"}],"author":[{"embeddable":true,"href":"https:\/\/bodegagarzon.com\/pt\/wp-json\/wp\/v2\/users\/15"}],"replies":[{"embeddable":true,"href":"https:\/\/bodegagarzon.com\/pt\/wp-json\/wp\/v2\/comments?post=29320"}],"version-history":[{"count":2,"href":"https:\/\/bodegagarzon.com\/pt\/wp-json\/wp\/v2\/posts\/29320\/revisions"}],"predecessor-version":[{"id":34089,"href":"https:\/\/bodegagarzon.com\/pt\/wp-json\/wp\/v2\/posts\/29320\/revisions\/34089"}],"wp:featuredmedia":[{"embeddable":true,"href":"https:\/\/bodegagarzon.com\/pt\/wp-json\/wp\/v2\/media\/29058"}],"wp:attachment":[{"href":"https:\/\/bodegagarzon.com\/pt\/wp-json\/wp\/v2\/media?parent=29320"}],"wp:term":[{"taxonomy":"category","embeddable":true,"href":"https:\/\/bodegagarzon.com\/pt\/wp-json\/wp\/v2\/categories?post=29320"},{"taxonomy":"post_tag","embeddable":true,"href":"https:\/\/bodegagarzon.com\/pt\/wp-json\/wp\/v2\/tags?post=29320"}],"curies":[{"name":"wp","href":"https:\/\/api.w.org\/{rel}","templated":true}]}}