{"id":24349,"date":"2019-02-18T15:44:29","date_gmt":"2019-02-18T18:44:29","guid":{"rendered":"https:\/\/bodegagarzon.com\/?p=24349"},"modified":"2019-02-18T15:44:52","modified_gmt":"2019-02-18T18:44:52","slug":"wolfgang-puck-na-bodega-garzon","status":"publish","type":"post","link":"\/pt\/noticias\/atualidade\/wolfgang-puck-na-bodega-garzon\/","title":{"rendered":"Wolfgang Puck na Bodega Garz\u00f3n"},"content":{"rendered":"<p><strong>No passado dia 18 de janeiro recebemos a visita de Wolfgang Puck na Bodega Garz\u00f3n, um dos chefs mais aplaudidos e respeitados do mundo, convidado por Francis Mallmann, nosso Chef Ambassador. \u00a0<\/strong><strong>\u00a0<\/strong><\/p>\n<p>O criador do c\u00e9lebre restaurante Spago de Los \u00c1ngeles (duas estrelas Michelin), CUT da Beverly Hills (uma estrela Michelin) e de um imp\u00e9rio gourmet que se tem estendido em todo o mundo, chegou na Am\u00e9rica do Sul por primeira vez. Puck escolhe o Uruguai como destino pela profunda amizade com Mallmann e pela oportunidade de cozinhar no restaurante da Melhor Adega do Novo Mundo 2018 segundo Wine Enthusiast.<\/p>\n<p>Puck n\u00e3o apenas \u00e9 reconhecido pela sua excelente gastronomia e seu carisma. \u00c9 o chef escolhido para o Jantar de Gala dos Pr\u00eamios Oscar, tem conquistado a telinha com seu programa Cooking Class with Wolfgang Puck e como j\u00fari em Top Chef, MasterChef e Hell\u00b4s Kitchen da TV dos Estados Unidos e at\u00e9 interpretou a si mesmo em s\u00e9ries como Frasier e Las Vegas.<\/p>\n<p>Neste grande evento que teve sua capacidade cheia, Puck serviu um menu de Spago, seu restaurante mais famoso que incluiu:<\/p>\n<p>Amuse: Mousse de Foie Grass em Tartelete de Miss\u00f4 e recheio de ameixa.<\/p>\n<p>Primeiro prato: Gelo de lemongrass e gengibre, tiradito de linguado, tapioca marinada.<\/p>\n<p>Segundo prato: Leit\u00e3o org\u00e2nico caramelizado na sua gordura, am\u00eaijoas de Rocha e torresmo.<\/p>\n<p>Terceiro prato: Plantain, trufas negras da Fran\u00e7a, gnocchi de ricotta e ovo perfeito.<\/p>\n<p>Quarto prato: Corvina dourada em \u201cbolsa fata\u201d, caldo de tomate e beterraba, \u00f3leo de cebola.<\/p>\n<p>Quinto prato: Costela de cordeiro, frutos secos e sementes, p\u00eassegos e tutano defumado.<\/p>\n<p>Sexto prato: Kaisershmarren, passas e morangos.<\/p>\n<p>Compartilhamos um resumo do evento.<\/p>\n<p><em>V\u00eddeo resumo.<\/em><\/p>\n<p>&nbsp;<\/p>\n<p>&nbsp;<\/p>\n<p>&nbsp;<\/p>\n","protected":false},"excerpt":{"rendered":"<p>No passado dia 18 de janeiro recebemos a visita de Wolfgang Puck na Bodega Garz\u00f3n, um dos chefs mais aplaudidos e respeitados do mundo, convidado por Francis Mallmann, nosso Chef Ambassador. \u00a0\u00a0<\/p>\n","protected":false},"author":15,"featured_media":24226,"comment_status":"open","ping_status":"closed","sticky":false,"template":"","format":"standard","meta":{"inline_featured_image":false,"generate_page_header":""},"categories":[465],"tags":[],"acf":[],"yoast_head":"<!-- This site is optimized with the Yoast SEO plugin v19.1 - https:\/\/yoast.com\/wordpress\/plugins\/seo\/ -->\n<title>Wolfgang Puck na Bodega Garz\u00f3n<\/title>\n<meta name=\"description\" content=\"Wolfgang Puck na Bodega Garz\u00f3n en Bodega Garz\u00f3n. Descubre m\u00e1s en nuestra web BodegaGarzon.com\" \/>\n<meta name=\"robots\" content=\"index, follow, max-snippet:-1, max-image-preview:large, max-video-preview:-1\" \/>\n<link rel=\"canonical\" href=\"https:\/\/bodegagarzon.com\/pt\/noticias\/atualidade\/wolfgang-puck-na-bodega-garzon\/\" \/>\n<meta property=\"og:locale\" content=\"pt_PT\" \/>\n<meta property=\"og:type\" content=\"article\" \/>\n<meta property=\"og:title\" content=\"Wolfgang Puck na Bodega Garz\u00f3n\" \/>\n<meta property=\"og:description\" content=\"Wolfgang Puck na Bodega Garz\u00f3n en Bodega Garz\u00f3n. Descubre m\u00e1s en nuestra web BodegaGarzon.com\" \/>\n<meta property=\"og:url\" content=\"\/pt\/noticias\/atualidade\/wolfgang-puck-na-bodega-garzon\/\" \/>\n<meta property=\"og:site_name\" content=\"Bodega Garz\u00f3n\" \/>\n<meta property=\"article:publisher\" content=\"https:\/\/www.facebook.com\/ExperienciasGarzon\/\" \/>\n<meta property=\"article:published_time\" content=\"2019-02-18T18:44:29+00:00\" \/>\n<meta property=\"article:modified_time\" content=\"2019-02-18T18:44:52+00:00\" \/>\n<meta property=\"og:image\" content=\"https:\/\/bodegagarzon.com\/wp-content\/uploads\/2019\/02\/BodegaGarzon_wolfgangpuck-07051.jpg\" \/>\n\t<meta property=\"og:image:width\" content=\"2048\" \/>\n\t<meta property=\"og:image:height\" content=\"1365\" \/>\n\t<meta property=\"og:image:type\" content=\"image\/jpeg\" \/>\n<meta name=\"twitter:card\" content=\"summary_large_image\" \/>\n<meta name=\"twitter:creator\" content=\"@BodegaGarzon\" \/>\n<meta name=\"twitter:site\" content=\"@BodegaGarzon\" \/>\n<meta name=\"twitter:label1\" content=\"Escrito por\" \/>\n\t<meta name=\"twitter:data1\" content=\"Mat\u00edas Guerreros\" \/>\n\t<meta name=\"twitter:label2\" content=\"Tempo estimado de leitura\" \/>\n\t<meta name=\"twitter:data2\" content=\"1 minuto\" \/>\n<script type=\"application\/ld+json\" class=\"yoast-schema-graph\">{\"@context\":\"https:\/\/schema.org\",\"@graph\":[{\"@type\":\"WebSite\",\"@id\":\"https:\/\/bodegagarzon.com\/es\/#website\",\"url\":\"https:\/\/bodegagarzon.com\/es\/\",\"name\":\"Bodega Garz\u00f3n\",\"description\":\"Exclusivos y aut\u00e9nticos vinos uruguayos\",\"potentialAction\":[{\"@type\":\"SearchAction\",\"target\":{\"@type\":\"EntryPoint\",\"urlTemplate\":\"https:\/\/bodegagarzon.com\/es\/?s={search_term_string}\"},\"query-input\":\"required name=search_term_string\"}],\"inLanguage\":\"pt-PT\"},{\"@type\":\"ImageObject\",\"inLanguage\":\"pt-PT\",\"@id\":\"https:\/\/bodegagarzon.com\/pt\/noticias\/atualidade\/wolfgang-puck-na-bodega-garzon\/#primaryimage\",\"url\":\"https:\/\/bodegagarzon.com\/wp-content\/uploads\/2019\/02\/BodegaGarzon_wolfgangpuck-07051.jpg\",\"contentUrl\":\"https:\/\/bodegagarzon.com\/wp-content\/uploads\/2019\/02\/BodegaGarzon_wolfgangpuck-07051.jpg\",\"width\":2048,\"height\":1365,\"caption\":\"wolfgang_puck\"},{\"@type\":\"WebPage\",\"@id\":\"https:\/\/bodegagarzon.com\/pt\/noticias\/atualidade\/wolfgang-puck-na-bodega-garzon\/#webpage\",\"url\":\"https:\/\/bodegagarzon.com\/pt\/noticias\/atualidade\/wolfgang-puck-na-bodega-garzon\/\",\"name\":\"Wolfgang Puck na Bodega Garz\u00f3n\",\"isPartOf\":{\"@id\":\"https:\/\/bodegagarzon.com\/es\/#website\"},\"primaryImageOfPage\":{\"@id\":\"https:\/\/bodegagarzon.com\/pt\/noticias\/atualidade\/wolfgang-puck-na-bodega-garzon\/#primaryimage\"},\"datePublished\":\"2019-02-18T18:44:29+00:00\",\"dateModified\":\"2019-02-18T18:44:52+00:00\",\"author\":{\"@id\":\"https:\/\/bodegagarzon.com\/es\/#\/schema\/person\/5374fa733cac68c9449d39f8ab9b9e53\"},\"description\":\"Wolfgang Puck na Bodega Garz\u00f3n en Bodega Garz\u00f3n. Descubre m\u00e1s en nuestra web BodegaGarzon.com\",\"breadcrumb\":{\"@id\":\"https:\/\/bodegagarzon.com\/pt\/noticias\/atualidade\/wolfgang-puck-na-bodega-garzon\/#breadcrumb\"},\"inLanguage\":\"pt-PT\",\"potentialAction\":[{\"@type\":\"ReadAction\",\"target\":[\"https:\/\/bodegagarzon.com\/pt\/noticias\/atualidade\/wolfgang-puck-na-bodega-garzon\/\"]}]},{\"@type\":\"BreadcrumbList\",\"@id\":\"https:\/\/bodegagarzon.com\/pt\/noticias\/atualidade\/wolfgang-puck-na-bodega-garzon\/#breadcrumb\",\"itemListElement\":[{\"@type\":\"ListItem\",\"position\":1,\"name\":\"Wolfgang Puck na Bodega Garz\u00f3n\"}]},{\"@type\":\"Person\",\"@id\":\"https:\/\/bodegagarzon.com\/es\/#\/schema\/person\/5374fa733cac68c9449d39f8ab9b9e53\",\"name\":\"Mat\u00edas Guerreros\",\"image\":{\"@type\":\"ImageObject\",\"inLanguage\":\"pt-PT\",\"@id\":\"https:\/\/bodegagarzon.com\/es\/#\/schema\/person\/image\/\",\"url\":\"https:\/\/secure.gravatar.com\/avatar\/8e66c3de37c23832002fd9204bf4199f?s=96&d=mm&r=g\",\"contentUrl\":\"https:\/\/secure.gravatar.com\/avatar\/8e66c3de37c23832002fd9204bf4199f?s=96&d=mm&r=g\",\"caption\":\"Mat\u00edas Guerreros\"}}]}<\/script>\n<!-- \/ Yoast SEO plugin. -->","yoast_head_json":{"title":"Wolfgang Puck na Bodega Garz\u00f3n","description":"Wolfgang Puck na Bodega Garz\u00f3n en Bodega Garz\u00f3n. Descubre m\u00e1s en nuestra web BodegaGarzon.com","robots":{"index":"index","follow":"follow","max-snippet":"max-snippet:-1","max-image-preview":"max-image-preview:large","max-video-preview":"max-video-preview:-1"},"canonical":"https:\/\/bodegagarzon.com\/pt\/noticias\/atualidade\/wolfgang-puck-na-bodega-garzon\/","og_locale":"pt_PT","og_type":"article","og_title":"Wolfgang Puck na Bodega Garz\u00f3n","og_description":"Wolfgang Puck na Bodega Garz\u00f3n en Bodega Garz\u00f3n. Descubre m\u00e1s en nuestra web BodegaGarzon.com","og_url":"\/pt\/noticias\/atualidade\/wolfgang-puck-na-bodega-garzon\/","og_site_name":"Bodega Garz\u00f3n","article_publisher":"https:\/\/www.facebook.com\/ExperienciasGarzon\/","article_published_time":"2019-02-18T18:44:29+00:00","article_modified_time":"2019-02-18T18:44:52+00:00","og_image":[{"width":2048,"height":1365,"url":"https:\/\/bodegagarzon.com\/wp-content\/uploads\/2019\/02\/BodegaGarzon_wolfgangpuck-07051.jpg","type":"image\/jpeg"}],"twitter_card":"summary_large_image","twitter_creator":"@BodegaGarzon","twitter_site":"@BodegaGarzon","twitter_misc":{"Escrito por":"Mat\u00edas Guerreros","Tempo estimado de leitura":"1 minuto"},"schema":{"@context":"https:\/\/schema.org","@graph":[{"@type":"WebSite","@id":"https:\/\/bodegagarzon.com\/es\/#website","url":"https:\/\/bodegagarzon.com\/es\/","name":"Bodega Garz\u00f3n","description":"Exclusivos y aut\u00e9nticos vinos uruguayos","potentialAction":[{"@type":"SearchAction","target":{"@type":"EntryPoint","urlTemplate":"https:\/\/bodegagarzon.com\/es\/?s={search_term_string}"},"query-input":"required name=search_term_string"}],"inLanguage":"pt-PT"},{"@type":"ImageObject","inLanguage":"pt-PT","@id":"https:\/\/bodegagarzon.com\/pt\/noticias\/atualidade\/wolfgang-puck-na-bodega-garzon\/#primaryimage","url":"https:\/\/bodegagarzon.com\/wp-content\/uploads\/2019\/02\/BodegaGarzon_wolfgangpuck-07051.jpg","contentUrl":"https:\/\/bodegagarzon.com\/wp-content\/uploads\/2019\/02\/BodegaGarzon_wolfgangpuck-07051.jpg","width":2048,"height":1365,"caption":"wolfgang_puck"},{"@type":"WebPage","@id":"https:\/\/bodegagarzon.com\/pt\/noticias\/atualidade\/wolfgang-puck-na-bodega-garzon\/#webpage","url":"https:\/\/bodegagarzon.com\/pt\/noticias\/atualidade\/wolfgang-puck-na-bodega-garzon\/","name":"Wolfgang Puck na Bodega Garz\u00f3n","isPartOf":{"@id":"https:\/\/bodegagarzon.com\/es\/#website"},"primaryImageOfPage":{"@id":"https:\/\/bodegagarzon.com\/pt\/noticias\/atualidade\/wolfgang-puck-na-bodega-garzon\/#primaryimage"},"datePublished":"2019-02-18T18:44:29+00:00","dateModified":"2019-02-18T18:44:52+00:00","author":{"@id":"https:\/\/bodegagarzon.com\/es\/#\/schema\/person\/5374fa733cac68c9449d39f8ab9b9e53"},"description":"Wolfgang Puck na Bodega Garz\u00f3n en Bodega Garz\u00f3n. Descubre m\u00e1s en nuestra web BodegaGarzon.com","breadcrumb":{"@id":"https:\/\/bodegagarzon.com\/pt\/noticias\/atualidade\/wolfgang-puck-na-bodega-garzon\/#breadcrumb"},"inLanguage":"pt-PT","potentialAction":[{"@type":"ReadAction","target":["https:\/\/bodegagarzon.com\/pt\/noticias\/atualidade\/wolfgang-puck-na-bodega-garzon\/"]}]},{"@type":"BreadcrumbList","@id":"https:\/\/bodegagarzon.com\/pt\/noticias\/atualidade\/wolfgang-puck-na-bodega-garzon\/#breadcrumb","itemListElement":[{"@type":"ListItem","position":1,"name":"Wolfgang Puck na Bodega Garz\u00f3n"}]},{"@type":"Person","@id":"https:\/\/bodegagarzon.com\/es\/#\/schema\/person\/5374fa733cac68c9449d39f8ab9b9e53","name":"Mat\u00edas Guerreros","image":{"@type":"ImageObject","inLanguage":"pt-PT","@id":"https:\/\/bodegagarzon.com\/es\/#\/schema\/person\/image\/","url":"https:\/\/secure.gravatar.com\/avatar\/8e66c3de37c23832002fd9204bf4199f?s=96&d=mm&r=g","contentUrl":"https:\/\/secure.gravatar.com\/avatar\/8e66c3de37c23832002fd9204bf4199f?s=96&d=mm&r=g","caption":"Mat\u00edas Guerreros"}}]}},"_links":{"self":[{"href":"https:\/\/bodegagarzon.com\/pt\/wp-json\/wp\/v2\/posts\/24349"}],"collection":[{"href":"https:\/\/bodegagarzon.com\/pt\/wp-json\/wp\/v2\/posts"}],"about":[{"href":"https:\/\/bodegagarzon.com\/pt\/wp-json\/wp\/v2\/types\/post"}],"author":[{"embeddable":true,"href":"https:\/\/bodegagarzon.com\/pt\/wp-json\/wp\/v2\/users\/15"}],"replies":[{"embeddable":true,"href":"https:\/\/bodegagarzon.com\/pt\/wp-json\/wp\/v2\/comments?post=24349"}],"version-history":[{"count":1,"href":"https:\/\/bodegagarzon.com\/pt\/wp-json\/wp\/v2\/posts\/24349\/revisions"}],"predecessor-version":[{"id":24350,"href":"https:\/\/bodegagarzon.com\/pt\/wp-json\/wp\/v2\/posts\/24349\/revisions\/24350"}],"wp:featuredmedia":[{"embeddable":true,"href":"https:\/\/bodegagarzon.com\/pt\/wp-json\/wp\/v2\/media\/24226"}],"wp:attachment":[{"href":"https:\/\/bodegagarzon.com\/pt\/wp-json\/wp\/v2\/media?parent=24349"}],"wp:term":[{"taxonomy":"category","embeddable":true,"href":"https:\/\/bodegagarzon.com\/pt\/wp-json\/wp\/v2\/categories?post=24349"},{"taxonomy":"post_tag","embeddable":true,"href":"https:\/\/bodegagarzon.com\/pt\/wp-json\/wp\/v2\/tags?post=24349"}],"curies":[{"name":"wp","href":"https:\/\/api.w.org\/{rel}","templated":true}]}}