{"id":17561,"date":"2018-09-12T12:37:24","date_gmt":"2018-09-12T12:37:24","guid":{"rendered":"https:\/\/bodegagarzon.com\/?p=17561"},"modified":"2019-04-08T13:03:28","modified_gmt":"2019-04-08T16:03:28","slug":"o-balasto-2016-foi-lancado-na-exclusiva-place-de-bordeaux","status":"publish","type":"post","link":"\/pt\/noticias\/atualidade\/o-balasto-2016-foi-lancado-na-exclusiva-place-de-bordeaux\/","title":{"rendered":"O Balasto 2016 foi lan\u00e7ado na exclusiva Place de Bordeaux"},"content":{"rendered":"<p><strong>O vinho \u00cdcone da Bodega Garz\u00f3n distinguiu um novo marco na hist\u00f3ria de vinhos uruguaios, sendo o primeiro a ser distribu\u00eddo atrav\u00e9s desse lugar exclusivo de Bordeaux,<\/strong> um lugar reservado para os melhores vinhos do mundo, que conta com apenas tr\u00eas produtos da Am\u00e9rica do Sul.<\/p>\n<h2>O Balasto 2016 foi lan\u00e7ado na exclusiva Place de Bordeaux<\/h2>\n<p>A primeira colheita deste vinho foi feito em 2015. O lan\u00e7amento, durante a Vinexpo Bordeaux em 2017, estvam presenteso engenheiro Alejandro P. Bulgheroni, Alberto Antonini e Francis Mallmann.<\/p>\n<p><strong>Esta nova safra 2016, j\u00e1 obteve 94 pontos do cr\u00edtico James Suckling, 95 pontos na Adega e 96 pontos de Marcelo Copello, do Brasil.<\/strong><\/p>\n<p>Lastro \u00e9 o tipo particular de solo granitico no terroir de Garzon, apresenta boa drenagem e mineralidade, ideal para adicionar complexidade, energia e vivacidade a este vinho \u00e9 uma mistura composta por quatro variedades: Tannat, Cabernet Franc, Petit Verdot e Marselan.<\/p>\n<p>Com a consultoria do renomado en\u00f3logo internacional Alberto Antonini, a Bodega Garz\u00f3n aplica uma filosofia que gira em torno da produ\u00e7\u00e3o de vinhos que se tornam a verdadeira express\u00e3o de sua origem.<\/p>\n<p>&#8220;Conhecendo o terroir em profundidade, voc\u00ea pode fazer vinhos com um senso mais forte do lugar. Biodiversidade, a estrutura do solo e composi\u00e7\u00e3o, as colinas e exposi\u00e7\u00e3o que prestam aos vinhedos, sua proximidade com o oceano e a influ\u00eancia da sua brisa limpa e fresca fazem de Garz\u00f3n um lugar \u00fanico para fazer vinhos finos<br \/>\n&#8221; Alberto Antonini&#8221;<\/p>\n<p><strong>Este vinho, que j\u00e1 se tornou uma lenda, estar\u00e1 dispon\u00edvel no mercado a partir do dia 12 de setembro, dia do seu lan\u00e7amento mundial.<\/strong><\/p>\n<p><img loading=\"lazy\" class=\"alignnone wp-image-17557 size-medium\" src=\"https:\/\/bodegagarzon.com\/wp-content\/uploads\/2018\/09\/BALASTO_12SET_TW-300x150.png\" alt=\"Balasto 2016\" width=\"300\" height=\"150\" \/><\/p>\n","protected":false},"excerpt":{"rendered":"<p>O vinho \u00cdcone da Bodega Garz\u00f3n distinguiu um novo marco na hist\u00f3ria de vinhos uruguaios, sendo o primeiro a ser distribu\u00eddo atrav\u00e9s desse lugar exclusivo de Bordeaux, um lugar reservado para os melhores vinhos do mundo, que conta com apenas tr\u00eas produtos da Am\u00e9rica do Sul.<\/p>\n","protected":false},"author":15,"featured_media":17557,"comment_status":"open","ping_status":"closed","sticky":false,"template":"","format":"standard","meta":{"inline_featured_image":false,"generate_page_header":""},"categories":[465],"tags":[],"acf":[],"yoast_head":"<!-- This site is optimized with the Yoast SEO plugin v19.1 - https:\/\/yoast.com\/wordpress\/plugins\/seo\/ -->\n<title>O Balasto 2016 foi lan\u00e7ado na exclusiva Place de Bordeaux<\/title>\n<meta name=\"description\" content=\"O Balasto 2016 foi lan\u00e7ado na exclusiva Place de Bordeaux en Bodega Garz\u00f3n. Descubre m\u00e1s en nuestra web BodegaGarzon.com\" \/>\n<meta name=\"robots\" content=\"index, follow, max-snippet:-1, max-image-preview:large, max-video-preview:-1\" \/>\n<link rel=\"canonical\" href=\"https:\/\/bodegagarzon.com\/pt\/noticias\/atualidade\/o-balasto-2016-foi-lancado-na-exclusiva-place-de-bordeaux\/\" \/>\n<meta property=\"og:locale\" content=\"pt_PT\" \/>\n<meta property=\"og:type\" content=\"article\" \/>\n<meta property=\"og:title\" content=\"O Balasto 2016 foi lan\u00e7ado na exclusiva Place de Bordeaux\" \/>\n<meta property=\"og:description\" content=\"O Balasto 2016 foi lan\u00e7ado na exclusiva Place de Bordeaux en Bodega Garz\u00f3n. Descubre m\u00e1s en nuestra web BodegaGarzon.com\" \/>\n<meta property=\"og:url\" content=\"\/pt\/noticias\/atualidade\/o-balasto-2016-foi-lancado-na-exclusiva-place-de-bordeaux\/\" \/>\n<meta property=\"og:site_name\" content=\"Bodega Garz\u00f3n\" \/>\n<meta property=\"article:publisher\" content=\"https:\/\/www.facebook.com\/ExperienciasGarzon\/\" \/>\n<meta property=\"article:published_time\" content=\"2018-09-12T12:37:24+00:00\" \/>\n<meta property=\"article:modified_time\" content=\"2019-04-08T16:03:28+00:00\" \/>\n<meta property=\"og:image\" content=\"https:\/\/bodegagarzon.com\/wp-content\/uploads\/2018\/09\/BALASTO_12SET_TW.jpg\" \/>\n\t<meta property=\"og:image:width\" content=\"1024\" \/>\n\t<meta property=\"og:image:height\" content=\"512\" \/>\n\t<meta property=\"og:image:type\" content=\"image\/jpeg\" \/>\n<meta name=\"twitter:card\" content=\"summary_large_image\" \/>\n<meta name=\"twitter:creator\" content=\"@BodegaGarzon\" \/>\n<meta name=\"twitter:site\" content=\"@BodegaGarzon\" \/>\n<meta name=\"twitter:label1\" content=\"Escrito por\" \/>\n\t<meta name=\"twitter:data1\" content=\"Mat\u00edas Guerreros\" \/>\n\t<meta name=\"twitter:label2\" content=\"Tempo estimado de leitura\" \/>\n\t<meta name=\"twitter:data2\" content=\"1 minuto\" \/>\n<script type=\"application\/ld+json\" class=\"yoast-schema-graph\">{\"@context\":\"https:\/\/schema.org\",\"@graph\":[{\"@type\":\"WebSite\",\"@id\":\"https:\/\/bodegagarzon.com\/es\/#website\",\"url\":\"https:\/\/bodegagarzon.com\/es\/\",\"name\":\"Bodega Garz\u00f3n\",\"description\":\"Exclusivos y aut\u00e9nticos vinos uruguayos\",\"potentialAction\":[{\"@type\":\"SearchAction\",\"target\":{\"@type\":\"EntryPoint\",\"urlTemplate\":\"https:\/\/bodegagarzon.com\/es\/?s={search_term_string}\"},\"query-input\":\"required name=search_term_string\"}],\"inLanguage\":\"pt-PT\"},{\"@type\":\"ImageObject\",\"inLanguage\":\"pt-PT\",\"@id\":\"https:\/\/bodegagarzon.com\/pt\/noticias\/atualidade\/o-balasto-2016-foi-lancado-na-exclusiva-place-de-bordeaux\/#primaryimage\",\"url\":\"https:\/\/bodegagarzon.com\/wp-content\/uploads\/2018\/09\/BALASTO_12SET_TW.jpg\",\"contentUrl\":\"https:\/\/bodegagarzon.com\/wp-content\/uploads\/2018\/09\/BALASTO_12SET_TW.jpg\",\"width\":1024,\"height\":512,\"caption\":\"balasto horizontal\"},{\"@type\":\"WebPage\",\"@id\":\"https:\/\/bodegagarzon.com\/pt\/noticias\/atualidade\/o-balasto-2016-foi-lancado-na-exclusiva-place-de-bordeaux\/#webpage\",\"url\":\"https:\/\/bodegagarzon.com\/pt\/noticias\/atualidade\/o-balasto-2016-foi-lancado-na-exclusiva-place-de-bordeaux\/\",\"name\":\"O Balasto 2016 foi lan\u00e7ado na exclusiva Place de Bordeaux\",\"isPartOf\":{\"@id\":\"https:\/\/bodegagarzon.com\/es\/#website\"},\"primaryImageOfPage\":{\"@id\":\"https:\/\/bodegagarzon.com\/pt\/noticias\/atualidade\/o-balasto-2016-foi-lancado-na-exclusiva-place-de-bordeaux\/#primaryimage\"},\"datePublished\":\"2018-09-12T12:37:24+00:00\",\"dateModified\":\"2019-04-08T16:03:28+00:00\",\"author\":{\"@id\":\"https:\/\/bodegagarzon.com\/es\/#\/schema\/person\/5374fa733cac68c9449d39f8ab9b9e53\"},\"description\":\"O Balasto 2016 foi lan\u00e7ado na exclusiva Place de Bordeaux en Bodega Garz\u00f3n. Descubre m\u00e1s en nuestra web BodegaGarzon.com\",\"breadcrumb\":{\"@id\":\"https:\/\/bodegagarzon.com\/pt\/noticias\/atualidade\/o-balasto-2016-foi-lancado-na-exclusiva-place-de-bordeaux\/#breadcrumb\"},\"inLanguage\":\"pt-PT\",\"potentialAction\":[{\"@type\":\"ReadAction\",\"target\":[\"https:\/\/bodegagarzon.com\/pt\/noticias\/atualidade\/o-balasto-2016-foi-lancado-na-exclusiva-place-de-bordeaux\/\"]}]},{\"@type\":\"BreadcrumbList\",\"@id\":\"https:\/\/bodegagarzon.com\/pt\/noticias\/atualidade\/o-balasto-2016-foi-lancado-na-exclusiva-place-de-bordeaux\/#breadcrumb\",\"itemListElement\":[{\"@type\":\"ListItem\",\"position\":1,\"name\":\"O Balasto 2016 foi lan\u00e7ado na exclusiva Place de Bordeaux\"}]},{\"@type\":\"Person\",\"@id\":\"https:\/\/bodegagarzon.com\/es\/#\/schema\/person\/5374fa733cac68c9449d39f8ab9b9e53\",\"name\":\"Mat\u00edas Guerreros\",\"image\":{\"@type\":\"ImageObject\",\"inLanguage\":\"pt-PT\",\"@id\":\"https:\/\/bodegagarzon.com\/es\/#\/schema\/person\/image\/\",\"url\":\"https:\/\/secure.gravatar.com\/avatar\/8e66c3de37c23832002fd9204bf4199f?s=96&d=mm&r=g\",\"contentUrl\":\"https:\/\/secure.gravatar.com\/avatar\/8e66c3de37c23832002fd9204bf4199f?s=96&d=mm&r=g\",\"caption\":\"Mat\u00edas Guerreros\"}}]}<\/script>\n<!-- \/ Yoast SEO plugin. -->","yoast_head_json":{"title":"O Balasto 2016 foi lan\u00e7ado na exclusiva Place de Bordeaux","description":"O Balasto 2016 foi lan\u00e7ado na exclusiva Place de Bordeaux en Bodega Garz\u00f3n. Descubre m\u00e1s en nuestra web BodegaGarzon.com","robots":{"index":"index","follow":"follow","max-snippet":"max-snippet:-1","max-image-preview":"max-image-preview:large","max-video-preview":"max-video-preview:-1"},"canonical":"https:\/\/bodegagarzon.com\/pt\/noticias\/atualidade\/o-balasto-2016-foi-lancado-na-exclusiva-place-de-bordeaux\/","og_locale":"pt_PT","og_type":"article","og_title":"O Balasto 2016 foi lan\u00e7ado na exclusiva Place de Bordeaux","og_description":"O Balasto 2016 foi lan\u00e7ado na exclusiva Place de Bordeaux en Bodega Garz\u00f3n. Descubre m\u00e1s en nuestra web BodegaGarzon.com","og_url":"\/pt\/noticias\/atualidade\/o-balasto-2016-foi-lancado-na-exclusiva-place-de-bordeaux\/","og_site_name":"Bodega Garz\u00f3n","article_publisher":"https:\/\/www.facebook.com\/ExperienciasGarzon\/","article_published_time":"2018-09-12T12:37:24+00:00","article_modified_time":"2019-04-08T16:03:28+00:00","og_image":[{"width":1024,"height":512,"url":"https:\/\/bodegagarzon.com\/wp-content\/uploads\/2018\/09\/BALASTO_12SET_TW.jpg","type":"image\/jpeg"}],"twitter_card":"summary_large_image","twitter_creator":"@BodegaGarzon","twitter_site":"@BodegaGarzon","twitter_misc":{"Escrito por":"Mat\u00edas Guerreros","Tempo estimado de leitura":"1 minuto"},"schema":{"@context":"https:\/\/schema.org","@graph":[{"@type":"WebSite","@id":"https:\/\/bodegagarzon.com\/es\/#website","url":"https:\/\/bodegagarzon.com\/es\/","name":"Bodega Garz\u00f3n","description":"Exclusivos y aut\u00e9nticos vinos uruguayos","potentialAction":[{"@type":"SearchAction","target":{"@type":"EntryPoint","urlTemplate":"https:\/\/bodegagarzon.com\/es\/?s={search_term_string}"},"query-input":"required name=search_term_string"}],"inLanguage":"pt-PT"},{"@type":"ImageObject","inLanguage":"pt-PT","@id":"https:\/\/bodegagarzon.com\/pt\/noticias\/atualidade\/o-balasto-2016-foi-lancado-na-exclusiva-place-de-bordeaux\/#primaryimage","url":"https:\/\/bodegagarzon.com\/wp-content\/uploads\/2018\/09\/BALASTO_12SET_TW.jpg","contentUrl":"https:\/\/bodegagarzon.com\/wp-content\/uploads\/2018\/09\/BALASTO_12SET_TW.jpg","width":1024,"height":512,"caption":"balasto horizontal"},{"@type":"WebPage","@id":"https:\/\/bodegagarzon.com\/pt\/noticias\/atualidade\/o-balasto-2016-foi-lancado-na-exclusiva-place-de-bordeaux\/#webpage","url":"https:\/\/bodegagarzon.com\/pt\/noticias\/atualidade\/o-balasto-2016-foi-lancado-na-exclusiva-place-de-bordeaux\/","name":"O Balasto 2016 foi lan\u00e7ado na exclusiva Place de Bordeaux","isPartOf":{"@id":"https:\/\/bodegagarzon.com\/es\/#website"},"primaryImageOfPage":{"@id":"https:\/\/bodegagarzon.com\/pt\/noticias\/atualidade\/o-balasto-2016-foi-lancado-na-exclusiva-place-de-bordeaux\/#primaryimage"},"datePublished":"2018-09-12T12:37:24+00:00","dateModified":"2019-04-08T16:03:28+00:00","author":{"@id":"https:\/\/bodegagarzon.com\/es\/#\/schema\/person\/5374fa733cac68c9449d39f8ab9b9e53"},"description":"O Balasto 2016 foi lan\u00e7ado na exclusiva Place de Bordeaux en Bodega Garz\u00f3n. Descubre m\u00e1s en nuestra web BodegaGarzon.com","breadcrumb":{"@id":"https:\/\/bodegagarzon.com\/pt\/noticias\/atualidade\/o-balasto-2016-foi-lancado-na-exclusiva-place-de-bordeaux\/#breadcrumb"},"inLanguage":"pt-PT","potentialAction":[{"@type":"ReadAction","target":["https:\/\/bodegagarzon.com\/pt\/noticias\/atualidade\/o-balasto-2016-foi-lancado-na-exclusiva-place-de-bordeaux\/"]}]},{"@type":"BreadcrumbList","@id":"https:\/\/bodegagarzon.com\/pt\/noticias\/atualidade\/o-balasto-2016-foi-lancado-na-exclusiva-place-de-bordeaux\/#breadcrumb","itemListElement":[{"@type":"ListItem","position":1,"name":"O Balasto 2016 foi lan\u00e7ado na exclusiva Place de Bordeaux"}]},{"@type":"Person","@id":"https:\/\/bodegagarzon.com\/es\/#\/schema\/person\/5374fa733cac68c9449d39f8ab9b9e53","name":"Mat\u00edas Guerreros","image":{"@type":"ImageObject","inLanguage":"pt-PT","@id":"https:\/\/bodegagarzon.com\/es\/#\/schema\/person\/image\/","url":"https:\/\/secure.gravatar.com\/avatar\/8e66c3de37c23832002fd9204bf4199f?s=96&d=mm&r=g","contentUrl":"https:\/\/secure.gravatar.com\/avatar\/8e66c3de37c23832002fd9204bf4199f?s=96&d=mm&r=g","caption":"Mat\u00edas Guerreros"}}]}},"_links":{"self":[{"href":"https:\/\/bodegagarzon.com\/pt\/wp-json\/wp\/v2\/posts\/17561"}],"collection":[{"href":"https:\/\/bodegagarzon.com\/pt\/wp-json\/wp\/v2\/posts"}],"about":[{"href":"https:\/\/bodegagarzon.com\/pt\/wp-json\/wp\/v2\/types\/post"}],"author":[{"embeddable":true,"href":"https:\/\/bodegagarzon.com\/pt\/wp-json\/wp\/v2\/users\/15"}],"replies":[{"embeddable":true,"href":"https:\/\/bodegagarzon.com\/pt\/wp-json\/wp\/v2\/comments?post=17561"}],"version-history":[{"count":1,"href":"https:\/\/bodegagarzon.com\/pt\/wp-json\/wp\/v2\/posts\/17561\/revisions"}],"predecessor-version":[{"id":26255,"href":"https:\/\/bodegagarzon.com\/pt\/wp-json\/wp\/v2\/posts\/17561\/revisions\/26255"}],"wp:featuredmedia":[{"embeddable":true,"href":"https:\/\/bodegagarzon.com\/pt\/wp-json\/wp\/v2\/media\/17557"}],"wp:attachment":[{"href":"https:\/\/bodegagarzon.com\/pt\/wp-json\/wp\/v2\/media?parent=17561"}],"wp:term":[{"taxonomy":"category","embeddable":true,"href":"https:\/\/bodegagarzon.com\/pt\/wp-json\/wp\/v2\/categories?post=17561"},{"taxonomy":"post_tag","embeddable":true,"href":"https:\/\/bodegagarzon.com\/pt\/wp-json\/wp\/v2\/tags?post=17561"}],"curies":[{"name":"wp","href":"https:\/\/api.w.org\/{rel}","templated":true}]}}