{"id":9423,"date":"2018-09-18T13:00:00","date_gmt":"2018-09-18T13:00:00","guid":{"rendered":"https:\/\/bodegagarzon.com\/sin-categorizar\/vacaciones-setiembre\/"},"modified":"2018-09-18T16:20:46","modified_gmt":"2018-09-18T16:20:46","slug":"vacaciones-setiembre","status":"publish","type":"post","link":"https:\/\/bodegagarzon.com\/es\/blog\/vacaciones-setiembre\/","title":{"rendered":"Vacaciones de primavera: planes para disfrutarlas"},"content":{"rendered":"<p><strong>Se acerca el inicio de una nueva primavera en el hemisferio sur<\/strong> y comenzamos a hacer planes para disfrutar al aire libre. Compartimos aqu\u00ed algunas recomendaciones especiales.<\/p>\n<h2>Primavera en Uruguay<\/h2>\n<p><strong>Sin duda alguna la llegada de la primavera es uno de los momentos m\u00e1s esperados del a\u00f1o.<\/strong> Las temperaturas agradables hace que comencemos a disfrutar nuevamente de las actividades al aire libre y de los diversos paisajes que podemos encontrar en Uruguay.<\/p>\n<h3>Montevideo<\/h3>\n<p>Si tu plan es estar por la capital del pa\u00eds, pod\u00e9s disfrutar de una diversidad de parques y plazas. <strong>Entre ellos podemos destacar el Jard\u00edn Bot\u00e1nico del Prado, un lugar perfecto para una caminata, o incluso el renovado lago del Parque Rod\u00f3.<\/strong><br \/>\nMontevideo es una ciudad costera, por lo que una paseo a pie o en bicicleta por su rambla no puede faltar durante la primavera, disfrutando de paisajes \u00fanicos y de la agradable sensaci\u00f3n de apreciar un atardecer.<\/p>\n<h3>Cerro San Antonio<\/h3>\n<p>Muy pr\u00f3ximo a Piri\u00e1polis nos encontramos con el Cerro San Antonio. <strong>Un lugar imperdible para los m\u00e1s aventureros que se atrevan a subirlo a pie.<\/strong> Esta actividad es recomendable hacerla por la ma\u00f1ana, con el cuerpo descansado y con una buena dosis de agua para refrescarse en el camino. La recompensa al esfuerzo estar\u00e1 al llegar a la cima y disfrutar del paisaje hacia el campo y el mar. Otra actividad imperdible para la primavera.<\/p>\n<h3>Playas de Rocha<\/h3>\n<p>Si la temperatura agradable es una excusa para empezar a disfrutar de la arena, Rocha es un lugar perfecto. <strong>Sus playas tranquilas en esta \u00e9poca del a\u00f1o son el lugar ideal para realizar la previa al verano.<\/strong> La Pedrera, Punta del Diablo, La Paloma son balnearios para descansar en estos meses y disfrutar de aguas oce\u00e1nicas.<\/p>\n<h3>Pueblo Garz\u00f3n<\/h3>\n<p>En el kil\u00f3metro 175 de la ruta 9, rumbo al este del pa\u00eds, nos encontramos con Pueblo Garz\u00f3n, un peque\u00f1o y pintoresco pueblo que ha tenido en los \u00faltimos a\u00f1os un gran movimiento tur\u00edstico debido a la instalaci\u00f3n del restaurante del reconocido chef argentino Francis Mallmann y de la inauguraci\u00f3n de <strong>Bodega Garz\u00f3n, el proyecto vitivin\u00edcola m\u00e1s importante del pa\u00eds.<\/strong><\/p>\n<h3>Picnic entre los Vi\u00f1edos.<\/h3>\n<p>Bodega Garz\u00f3n ofrece una experiencia perfecta para disfrutar en primavera: Picninc entre los Vi\u00f1edos. Para compartir en pareja, con amigos o en familia, Garz\u00f3n te propone tomar una bicicleta, un canasto con productos exclusivos y salir a disfrutar de una experiencia recorriendo los distintos caminos que dividen las parcelas de su terroir, para culminar disfrutando de un picnic en un lugar acondicionado especialmente para disfrutar de este momento.<\/p>\n<p>&nbsp;<\/p>\n<p><a href=\"https:\/\/bodegagarzon.com\/wp-content\/uploads\/2017\/09\/vacaciones-de-setiembre.png\"><img loading=\"lazy\" class=\"alignnone size-full wp-image-6162\" src=\"https:\/\/bodegagarzon.com\/wp-content\/uploads\/2017\/09\/vacaciones-de-setiembre.png\" alt=\"vacaciones de setiembre\" width=\"800\" height=\"550\" \/><\/a><\/p>\n<p>Conoc\u00e9 tambi\u00e9n los <strong><a href=\"https:\/\/bodegagarzon.com\/es\/blog\/pozos-azules\/\">pozos azules.<\/a><\/strong><\/p>\n","protected":false},"excerpt":{"rendered":"<p>Las vacaciones de setiembre son una oportunidad para salir a recorrer Uruguay y disfrutar de los diversos rincones de este pa\u00eds llenos de paisajes incre\u00edbles. <\/p>\n","protected":false},"author":1,"featured_media":9757,"comment_status":"open","ping_status":"closed","sticky":false,"template":"","format":"standard","meta":{"inline_featured_image":false,"generate_page_header":""},"categories":[160],"tags":[],"acf":[],"yoast_head":"<!-- This site is optimized with the Yoast SEO plugin v19.1 - https:\/\/yoast.com\/wordpress\/plugins\/seo\/ -->\n<title>Vacaciones de setiembre: planes para primavera en Uruguay<\/title>\n<meta name=\"description\" content=\"Llegan las vacaciones de setiembre y desde Bodega Garz\u00f3n le queremos ofrecer algunos planes para disfrutar en primavera en Uruguay.\" \/>\n<meta name=\"robots\" content=\"index, follow, max-snippet:-1, max-image-preview:large, max-video-preview:-1\" \/>\n<link rel=\"canonical\" href=\"https:\/\/bodegagarzon.com\/es\/blog\/vacaciones-setiembre\/\" \/>\n<meta property=\"og:locale\" content=\"es_ES\" \/>\n<meta property=\"og:type\" content=\"article\" \/>\n<meta property=\"og:title\" content=\"Vacaciones de setiembre: planes para primavera en Uruguay\" \/>\n<meta property=\"og:description\" content=\"Llegan las vacaciones de setiembre y desde Bodega Garz\u00f3n le queremos ofrecer algunos planes para disfrutar en primavera en Uruguay.\" \/>\n<meta property=\"og:url\" content=\"https:\/\/bodegagarzon.com\/es\/blog\/vacaciones-setiembre\/\" \/>\n<meta property=\"og:site_name\" content=\"Bodega Garz\u00f3n\" \/>\n<meta property=\"article:publisher\" content=\"https:\/\/www.facebook.com\/ExperienciasGarzon\/\" \/>\n<meta property=\"article:published_time\" content=\"2018-09-18T13:00:00+00:00\" \/>\n<meta property=\"article:modified_time\" content=\"2018-09-18T16:20:46+00:00\" \/>\n<meta property=\"og:image\" content=\"https:\/\/bodegagarzon.com\/wp-content\/uploads\/2018\/08\/vacaciones-de-setiembre.png\" \/>\n\t<meta property=\"og:image:width\" content=\"800\" \/>\n\t<meta property=\"og:image:height\" content=\"550\" \/>\n\t<meta property=\"og:image:type\" content=\"image\/png\" \/>\n<meta name=\"twitter:card\" content=\"summary_large_image\" \/>\n<meta name=\"twitter:creator\" content=\"@BodegaGarzon\" \/>\n<meta name=\"twitter:site\" content=\"@BodegaGarzon\" \/>\n<meta name=\"twitter:label1\" content=\"Escrito por\" \/>\n\t<meta name=\"twitter:data1\" content=\"desarrollo\" \/>\n\t<meta name=\"twitter:label2\" content=\"Tiempo de lectura\" \/>\n\t<meta name=\"twitter:data2\" content=\"2 minutos\" \/>\n<script type=\"application\/ld+json\" class=\"yoast-schema-graph\">{\"@context\":\"https:\/\/schema.org\",\"@graph\":[{\"@type\":\"WebSite\",\"@id\":\"https:\/\/bodegagarzon.com\/es\/#website\",\"url\":\"https:\/\/bodegagarzon.com\/es\/\",\"name\":\"Bodega Garz\u00f3n\",\"description\":\"Exclusivos y aut\u00e9nticos vinos uruguayos\",\"potentialAction\":[{\"@type\":\"SearchAction\",\"target\":{\"@type\":\"EntryPoint\",\"urlTemplate\":\"https:\/\/bodegagarzon.com\/es\/?s={search_term_string}\"},\"query-input\":\"required name=search_term_string\"}],\"inLanguage\":\"es\"},{\"@type\":\"ImageObject\",\"inLanguage\":\"es\",\"@id\":\"https:\/\/bodegagarzon.com\/es\/blog\/vacaciones-setiembre\/#primaryimage\",\"url\":\"https:\/\/bodegagarzon.com\/wp-content\/uploads\/2018\/08\/vacaciones-de-setiembre.png\",\"contentUrl\":\"https:\/\/bodegagarzon.com\/wp-content\/uploads\/2018\/08\/vacaciones-de-setiembre.png\",\"width\":800,\"height\":550},{\"@type\":\"WebPage\",\"@id\":\"https:\/\/bodegagarzon.com\/es\/blog\/vacaciones-setiembre\/#webpage\",\"url\":\"https:\/\/bodegagarzon.com\/es\/blog\/vacaciones-setiembre\/\",\"name\":\"Vacaciones de setiembre: planes para primavera en Uruguay\",\"isPartOf\":{\"@id\":\"https:\/\/bodegagarzon.com\/es\/#website\"},\"primaryImageOfPage\":{\"@id\":\"https:\/\/bodegagarzon.com\/es\/blog\/vacaciones-setiembre\/#primaryimage\"},\"datePublished\":\"2018-09-18T13:00:00+00:00\",\"dateModified\":\"2018-09-18T16:20:46+00:00\",\"author\":{\"@id\":\"https:\/\/bodegagarzon.com\/es\/#\/schema\/person\/92c8c63eccf21e735f56d9a9a9ff2f31\"},\"description\":\"Llegan las vacaciones de setiembre y desde Bodega Garz\u00f3n le queremos ofrecer algunos planes para disfrutar en primavera en Uruguay.\",\"breadcrumb\":{\"@id\":\"https:\/\/bodegagarzon.com\/es\/blog\/vacaciones-setiembre\/#breadcrumb\"},\"inLanguage\":\"es\",\"potentialAction\":[{\"@type\":\"ReadAction\",\"target\":[\"https:\/\/bodegagarzon.com\/es\/blog\/vacaciones-setiembre\/\"]}]},{\"@type\":\"BreadcrumbList\",\"@id\":\"https:\/\/bodegagarzon.com\/es\/blog\/vacaciones-setiembre\/#breadcrumb\",\"itemListElement\":[{\"@type\":\"ListItem\",\"position\":1,\"name\":\"Vacaciones de primavera: planes para disfrutarlas\"}]},{\"@type\":\"Person\",\"@id\":\"https:\/\/bodegagarzon.com\/es\/#\/schema\/person\/92c8c63eccf21e735f56d9a9a9ff2f31\",\"name\":\"desarrollo\",\"image\":{\"@type\":\"ImageObject\",\"inLanguage\":\"es\",\"@id\":\"https:\/\/bodegagarzon.com\/es\/#\/schema\/person\/image\/\",\"url\":\"https:\/\/secure.gravatar.com\/avatar\/a0f54ad5bd42ab4629247e2d02b138b6?s=96&d=mm&r=g\",\"contentUrl\":\"https:\/\/secure.gravatar.com\/avatar\/a0f54ad5bd42ab4629247e2d02b138b6?s=96&d=mm&r=g\",\"caption\":\"desarrollo\"}}]}<\/script>\n<!-- \/ Yoast SEO plugin. -->","yoast_head_json":{"title":"Vacaciones de setiembre: planes para primavera en Uruguay","description":"Llegan las vacaciones de setiembre y desde Bodega Garz\u00f3n le queremos ofrecer algunos planes para disfrutar en primavera en Uruguay.","robots":{"index":"index","follow":"follow","max-snippet":"max-snippet:-1","max-image-preview":"max-image-preview:large","max-video-preview":"max-video-preview:-1"},"canonical":"https:\/\/bodegagarzon.com\/es\/blog\/vacaciones-setiembre\/","og_locale":"es_ES","og_type":"article","og_title":"Vacaciones de setiembre: planes para primavera en Uruguay","og_description":"Llegan las vacaciones de setiembre y desde Bodega Garz\u00f3n le queremos ofrecer algunos planes para disfrutar en primavera en Uruguay.","og_url":"https:\/\/bodegagarzon.com\/es\/blog\/vacaciones-setiembre\/","og_site_name":"Bodega Garz\u00f3n","article_publisher":"https:\/\/www.facebook.com\/ExperienciasGarzon\/","article_published_time":"2018-09-18T13:00:00+00:00","article_modified_time":"2018-09-18T16:20:46+00:00","og_image":[{"width":800,"height":550,"url":"https:\/\/bodegagarzon.com\/wp-content\/uploads\/2018\/08\/vacaciones-de-setiembre.png","type":"image\/png"}],"twitter_card":"summary_large_image","twitter_creator":"@BodegaGarzon","twitter_site":"@BodegaGarzon","twitter_misc":{"Escrito por":"desarrollo","Tiempo de lectura":"2 minutos"},"schema":{"@context":"https:\/\/schema.org","@graph":[{"@type":"WebSite","@id":"https:\/\/bodegagarzon.com\/es\/#website","url":"https:\/\/bodegagarzon.com\/es\/","name":"Bodega Garz\u00f3n","description":"Exclusivos y aut\u00e9nticos vinos uruguayos","potentialAction":[{"@type":"SearchAction","target":{"@type":"EntryPoint","urlTemplate":"https:\/\/bodegagarzon.com\/es\/?s={search_term_string}"},"query-input":"required name=search_term_string"}],"inLanguage":"es"},{"@type":"ImageObject","inLanguage":"es","@id":"https:\/\/bodegagarzon.com\/es\/blog\/vacaciones-setiembre\/#primaryimage","url":"https:\/\/bodegagarzon.com\/wp-content\/uploads\/2018\/08\/vacaciones-de-setiembre.png","contentUrl":"https:\/\/bodegagarzon.com\/wp-content\/uploads\/2018\/08\/vacaciones-de-setiembre.png","width":800,"height":550},{"@type":"WebPage","@id":"https:\/\/bodegagarzon.com\/es\/blog\/vacaciones-setiembre\/#webpage","url":"https:\/\/bodegagarzon.com\/es\/blog\/vacaciones-setiembre\/","name":"Vacaciones de setiembre: planes para primavera en Uruguay","isPartOf":{"@id":"https:\/\/bodegagarzon.com\/es\/#website"},"primaryImageOfPage":{"@id":"https:\/\/bodegagarzon.com\/es\/blog\/vacaciones-setiembre\/#primaryimage"},"datePublished":"2018-09-18T13:00:00+00:00","dateModified":"2018-09-18T16:20:46+00:00","author":{"@id":"https:\/\/bodegagarzon.com\/es\/#\/schema\/person\/92c8c63eccf21e735f56d9a9a9ff2f31"},"description":"Llegan las vacaciones de setiembre y desde Bodega Garz\u00f3n le queremos ofrecer algunos planes para disfrutar en primavera en Uruguay.","breadcrumb":{"@id":"https:\/\/bodegagarzon.com\/es\/blog\/vacaciones-setiembre\/#breadcrumb"},"inLanguage":"es","potentialAction":[{"@type":"ReadAction","target":["https:\/\/bodegagarzon.com\/es\/blog\/vacaciones-setiembre\/"]}]},{"@type":"BreadcrumbList","@id":"https:\/\/bodegagarzon.com\/es\/blog\/vacaciones-setiembre\/#breadcrumb","itemListElement":[{"@type":"ListItem","position":1,"name":"Vacaciones de primavera: planes para disfrutarlas"}]},{"@type":"Person","@id":"https:\/\/bodegagarzon.com\/es\/#\/schema\/person\/92c8c63eccf21e735f56d9a9a9ff2f31","name":"desarrollo","image":{"@type":"ImageObject","inLanguage":"es","@id":"https:\/\/bodegagarzon.com\/es\/#\/schema\/person\/image\/","url":"https:\/\/secure.gravatar.com\/avatar\/a0f54ad5bd42ab4629247e2d02b138b6?s=96&d=mm&r=g","contentUrl":"https:\/\/secure.gravatar.com\/avatar\/a0f54ad5bd42ab4629247e2d02b138b6?s=96&d=mm&r=g","caption":"desarrollo"}}]}},"_links":{"self":[{"href":"https:\/\/bodegagarzon.com\/es\/wp-json\/wp\/v2\/posts\/9423"}],"collection":[{"href":"https:\/\/bodegagarzon.com\/es\/wp-json\/wp\/v2\/posts"}],"about":[{"href":"https:\/\/bodegagarzon.com\/es\/wp-json\/wp\/v2\/types\/post"}],"author":[{"embeddable":true,"href":"https:\/\/bodegagarzon.com\/es\/wp-json\/wp\/v2\/users\/1"}],"replies":[{"embeddable":true,"href":"https:\/\/bodegagarzon.com\/es\/wp-json\/wp\/v2\/comments?post=9423"}],"version-history":[{"count":0,"href":"https:\/\/bodegagarzon.com\/es\/wp-json\/wp\/v2\/posts\/9423\/revisions"}],"wp:featuredmedia":[{"embeddable":true,"href":"https:\/\/bodegagarzon.com\/es\/wp-json\/wp\/v2\/media\/9757"}],"wp:attachment":[{"href":"https:\/\/bodegagarzon.com\/es\/wp-json\/wp\/v2\/media?parent=9423"}],"wp:term":[{"taxonomy":"category","embeddable":true,"href":"https:\/\/bodegagarzon.com\/es\/wp-json\/wp\/v2\/categories?post=9423"},{"taxonomy":"post_tag","embeddable":true,"href":"https:\/\/bodegagarzon.com\/es\/wp-json\/wp\/v2\/tags?post=9423"}],"curies":[{"name":"wp","href":"https:\/\/api.w.org\/{rel}","templated":true}]}}