{"id":9353,"date":"2016-12-09T10:00:11","date_gmt":"2016-12-09T10:00:11","guid":{"rendered":"https:\/\/bodegagarzon.com\/sin-categorizar\/verano-uruguay-aprontando-la-temporada\/"},"modified":"2018-09-27T14:33:22","modified_gmt":"2018-09-27T14:33:22","slug":"verano-en-uruguay","status":"publish","type":"post","link":"https:\/\/bodegagarzon.com\/es\/blog\/verano-en-uruguay\/","title":{"rendered":"Verano en Uruguay. Aprontando la temporada."},"content":{"rendered":"<p><strong>Llega diciembre y el pa\u00eds se apronta para recibir una nueva temporada donde las playas se lucen en todo su esplendor.<\/strong> Disfrute esta temporada de verano en Uruguay.<\/p>\n<h2>Verano en Uruguay. Llega una nueva temporada.<\/h2>\n<p><strong>El verano es una \u00e9poca ideal para disfrutar de las diversas ciudades costeras del Uruguay\u00a0y sus playas.<\/strong> Miles de tur\u00edstas se acercan cada a a\u00f1o a vivir el verano en Uruguay y enamorarse de sus paisajes m\u00e1s privilegiados.<\/p>\n<h3>Puntal de Diablo<\/h3>\n<p><strong>Un peque\u00f1o pueblo de pescadores, en el departamento de Rocha, es uno de los lugares m\u00e1s elegidos por los turistas.<\/strong> Punta del Diablo es tambi\u00e9n uno de los balnearios con m\u00e1s crecimiento en los \u00faltimos a\u00f1os. Sus principales playas son la de los botes y la viuda, elegidas tambi\u00e9n por los m\u00e1s aventureros para la pr\u00e1ctica del surf.<\/p>\n<h3>Piri\u00e1polis<\/h3>\n<p><strong>Cerca de Punta del Este y a tan solo 100 kil\u00f3metros de Montevideo, Piri\u00e1polis es una ciudad que a\u00f1o a a\u00f1o recibe a miles de turistas atra\u00eddos por sus hermosas playas y su vida nocturna.<\/strong> Muchos restaurantes ubicados en el centro de la ciudad ofrecen lo mejor de la cocina tradicional a precios accesibles. En cuanto a sus playas, en esta oportunidad recomendamos las de Punta Colorada.<\/p>\n<h3>Bodega Garz\u00f3n<\/h3>\n<p><strong>Desde hace casi un a\u00f1o y con la inauguraci\u00f3n de <a href=\"https:\/\/bodegagarzon.com\/es\/\" target=\"_blank\" rel=\"noopener\">Bodega Garz\u00f3n<\/a>, el Uruguay cambi\u00f3 su matriz tur\u00edstica<\/strong> sumando a su ya amplia oferta de actividades un lugar paradis\u00edaco desde donde se puede disfrutar de lo mejor de la <a href=\"https:\/\/bodegagarzon.com\/es\/restaurante\/\" target=\"_blank\" rel=\"noopener\"><strong>gastronom\u00eda<\/strong> <\/a>local y <a href=\"https:\/\/bodegagarzon.com\/es\/vinos\/\" target=\"_blank\" rel=\"noopener\"><strong>vinos<\/strong> <\/a>de calidad premium. Esta temporada Bodega Garz\u00f3n se apronta para recibir a cientos de tur\u00edstas que se acercar\u00e1n a este establecimiento a conocer sus impresionantes paisajes, productos y <strong><a href=\"https:\/\/bodegagarzon.com\/es\/turismo-experiencias-garzon\/\" target=\"_blank\" rel=\"noopener\">experiencias<\/a><\/strong>.<\/p>\n<p><a href=\"https:\/\/bodegagarzon.com\/wp-content\/uploads\/2016\/12\/vacaciones-en-Uruguay.png\" rel=\"attachment wp-att-4737\"><img loading=\"lazy\" class=\"wp-image-4737 size-full aligncenter\" src=\"https:\/\/bodegagarzon.com\/wp-content\/uploads\/2016\/12\/vacaciones-en-Uruguay.png\" alt=\"verano en Uruguay\" width=\"800\" height=\"550\" \/><\/a><\/p>\n<p>No dejes de conocer este hermoso lugar si piensas pasar un verano diferente en Uruguay. Por consultas y reservas escribir a <strong><a href=\"http:\/\/reservas@experienciasgarzon.com\" target=\"_blank\" rel=\"noopener\">reservas@experienciasgarzon.com\u00a0<\/a><\/strong><\/p>\n","protected":false},"excerpt":{"rendered":"<p>Llega diciembre y el pa\u00eds se apronta para recibir una nueva temporada donde las playas se lucen en todo su esplendor. Disfrute esta temporada de verano en Uruguay. Verano en Uruguay. Llega una nueva temporada. El verano es una \u00e9poca ideal para disfrutar de las diversas ciudades costeras del Uruguay\u00a0y sus playas. Miles de tur\u00edstas se acercan cada a a\u00f1o &#8230; <a title=\"Verano en Uruguay. Aprontando la temporada.\" class=\"read-more\" href=\"https:\/\/bodegagarzon.com\/es\/blog\/verano-en-uruguay\/\" aria-label=\"M\u00e1s en Verano en Uruguay. Aprontando la temporada.\">&nbsp;<\/a><\/p>\n","protected":false},"author":1,"featured_media":9894,"comment_status":"open","ping_status":"closed","sticky":false,"template":"","format":"standard","meta":{"inline_featured_image":false,"generate_page_header":""},"categories":[160],"tags":[199,161],"acf":[],"yoast_head":"<!-- This site is optimized with the Yoast SEO plugin v19.1 - https:\/\/yoast.com\/wordpress\/plugins\/seo\/ -->\n<title>Verano en Uruguay. Aprontando la temporada.<\/title>\n<meta name=\"description\" content=\"Llega la temporada de verano en Uruguay y desde Bodega Garz\u00f3n queremos que usted pueda planificar sus vacaciones y escapadas con antelaci\u00f3n. \u00a1Inf\u00f3rmese!\" \/>\n<meta name=\"robots\" content=\"index, follow, max-snippet:-1, max-image-preview:large, max-video-preview:-1\" \/>\n<link rel=\"canonical\" href=\"https:\/\/bodegagarzon.com\/es\/blog\/verano-en-uruguay\/\" \/>\n<meta property=\"og:locale\" content=\"es_ES\" \/>\n<meta property=\"og:type\" content=\"article\" \/>\n<meta property=\"og:title\" content=\"Verano en Uruguay. Aprontando la temporada.\" \/>\n<meta property=\"og:description\" content=\"Llega la temporada de verano en Uruguay y desde Bodega Garz\u00f3n queremos que usted pueda planificar sus vacaciones y escapadas con antelaci\u00f3n. \u00a1Inf\u00f3rmese!\" \/>\n<meta property=\"og:url\" content=\"https:\/\/bodegagarzon.com\/es\/blog\/verano-en-uruguay\/\" \/>\n<meta property=\"og:site_name\" content=\"Bodega Garz\u00f3n\" \/>\n<meta property=\"article:publisher\" content=\"https:\/\/www.facebook.com\/ExperienciasGarzon\/\" \/>\n<meta property=\"article:published_time\" content=\"2016-12-09T10:00:11+00:00\" \/>\n<meta property=\"article:modified_time\" content=\"2018-09-27T14:33:22+00:00\" \/>\n<meta property=\"og:image\" content=\"https:\/\/bodegagarzon.com\/wp-content\/uploads\/2018\/08\/vacaciones-en-Uruguay.png\" \/>\n\t<meta property=\"og:image:width\" content=\"800\" \/>\n\t<meta property=\"og:image:height\" content=\"550\" \/>\n\t<meta property=\"og:image:type\" content=\"image\/png\" \/>\n<meta name=\"twitter:card\" content=\"summary_large_image\" \/>\n<meta name=\"twitter:creator\" content=\"@BodegaGarzon\" \/>\n<meta name=\"twitter:site\" content=\"@BodegaGarzon\" \/>\n<meta name=\"twitter:label1\" content=\"Escrito por\" \/>\n\t<meta name=\"twitter:data1\" content=\"desarrollo\" \/>\n\t<meta name=\"twitter:label2\" content=\"Tiempo de lectura\" \/>\n\t<meta name=\"twitter:data2\" content=\"2 minutos\" \/>\n<script type=\"application\/ld+json\" class=\"yoast-schema-graph\">{\"@context\":\"https:\/\/schema.org\",\"@graph\":[{\"@type\":\"WebSite\",\"@id\":\"https:\/\/bodegagarzon.com\/es\/#website\",\"url\":\"https:\/\/bodegagarzon.com\/es\/\",\"name\":\"Bodega Garz\u00f3n\",\"description\":\"Exclusivos y aut\u00e9nticos vinos uruguayos\",\"potentialAction\":[{\"@type\":\"SearchAction\",\"target\":{\"@type\":\"EntryPoint\",\"urlTemplate\":\"https:\/\/bodegagarzon.com\/es\/?s={search_term_string}\"},\"query-input\":\"required name=search_term_string\"}],\"inLanguage\":\"es\"},{\"@type\":\"ImageObject\",\"inLanguage\":\"es\",\"@id\":\"https:\/\/bodegagarzon.com\/es\/blog\/verano-en-uruguay\/#primaryimage\",\"url\":\"https:\/\/bodegagarzon.com\/wp-content\/uploads\/2018\/08\/vacaciones-en-Uruguay.png\",\"contentUrl\":\"https:\/\/bodegagarzon.com\/wp-content\/uploads\/2018\/08\/vacaciones-en-Uruguay.png\",\"width\":800,\"height\":550},{\"@type\":\"WebPage\",\"@id\":\"https:\/\/bodegagarzon.com\/es\/blog\/verano-en-uruguay\/#webpage\",\"url\":\"https:\/\/bodegagarzon.com\/es\/blog\/verano-en-uruguay\/\",\"name\":\"Verano en Uruguay. Aprontando la temporada.\",\"isPartOf\":{\"@id\":\"https:\/\/bodegagarzon.com\/es\/#website\"},\"primaryImageOfPage\":{\"@id\":\"https:\/\/bodegagarzon.com\/es\/blog\/verano-en-uruguay\/#primaryimage\"},\"datePublished\":\"2016-12-09T10:00:11+00:00\",\"dateModified\":\"2018-09-27T14:33:22+00:00\",\"author\":{\"@id\":\"https:\/\/bodegagarzon.com\/es\/#\/schema\/person\/92c8c63eccf21e735f56d9a9a9ff2f31\"},\"description\":\"Llega la temporada de verano en Uruguay y desde Bodega Garz\u00f3n queremos que usted pueda planificar sus vacaciones y escapadas con antelaci\u00f3n. \u00a1Inf\u00f3rmese!\",\"breadcrumb\":{\"@id\":\"https:\/\/bodegagarzon.com\/es\/blog\/verano-en-uruguay\/#breadcrumb\"},\"inLanguage\":\"es\",\"potentialAction\":[{\"@type\":\"ReadAction\",\"target\":[\"https:\/\/bodegagarzon.com\/es\/blog\/verano-en-uruguay\/\"]}]},{\"@type\":\"BreadcrumbList\",\"@id\":\"https:\/\/bodegagarzon.com\/es\/blog\/verano-en-uruguay\/#breadcrumb\",\"itemListElement\":[{\"@type\":\"ListItem\",\"position\":1,\"name\":\"Verano en Uruguay. Aprontando la temporada.\"}]},{\"@type\":\"Person\",\"@id\":\"https:\/\/bodegagarzon.com\/es\/#\/schema\/person\/92c8c63eccf21e735f56d9a9a9ff2f31\",\"name\":\"desarrollo\",\"image\":{\"@type\":\"ImageObject\",\"inLanguage\":\"es\",\"@id\":\"https:\/\/bodegagarzon.com\/es\/#\/schema\/person\/image\/\",\"url\":\"https:\/\/secure.gravatar.com\/avatar\/a0f54ad5bd42ab4629247e2d02b138b6?s=96&d=mm&r=g\",\"contentUrl\":\"https:\/\/secure.gravatar.com\/avatar\/a0f54ad5bd42ab4629247e2d02b138b6?s=96&d=mm&r=g\",\"caption\":\"desarrollo\"}}]}<\/script>\n<!-- \/ Yoast SEO plugin. -->","yoast_head_json":{"title":"Verano en Uruguay. Aprontando la temporada.","description":"Llega la temporada de verano en Uruguay y desde Bodega Garz\u00f3n queremos que usted pueda planificar sus vacaciones y escapadas con antelaci\u00f3n. \u00a1Inf\u00f3rmese!","robots":{"index":"index","follow":"follow","max-snippet":"max-snippet:-1","max-image-preview":"max-image-preview:large","max-video-preview":"max-video-preview:-1"},"canonical":"https:\/\/bodegagarzon.com\/es\/blog\/verano-en-uruguay\/","og_locale":"es_ES","og_type":"article","og_title":"Verano en Uruguay. Aprontando la temporada.","og_description":"Llega la temporada de verano en Uruguay y desde Bodega Garz\u00f3n queremos que usted pueda planificar sus vacaciones y escapadas con antelaci\u00f3n. \u00a1Inf\u00f3rmese!","og_url":"https:\/\/bodegagarzon.com\/es\/blog\/verano-en-uruguay\/","og_site_name":"Bodega Garz\u00f3n","article_publisher":"https:\/\/www.facebook.com\/ExperienciasGarzon\/","article_published_time":"2016-12-09T10:00:11+00:00","article_modified_time":"2018-09-27T14:33:22+00:00","og_image":[{"width":800,"height":550,"url":"https:\/\/bodegagarzon.com\/wp-content\/uploads\/2018\/08\/vacaciones-en-Uruguay.png","type":"image\/png"}],"twitter_card":"summary_large_image","twitter_creator":"@BodegaGarzon","twitter_site":"@BodegaGarzon","twitter_misc":{"Escrito por":"desarrollo","Tiempo de lectura":"2 minutos"},"schema":{"@context":"https:\/\/schema.org","@graph":[{"@type":"WebSite","@id":"https:\/\/bodegagarzon.com\/es\/#website","url":"https:\/\/bodegagarzon.com\/es\/","name":"Bodega Garz\u00f3n","description":"Exclusivos y aut\u00e9nticos vinos uruguayos","potentialAction":[{"@type":"SearchAction","target":{"@type":"EntryPoint","urlTemplate":"https:\/\/bodegagarzon.com\/es\/?s={search_term_string}"},"query-input":"required name=search_term_string"}],"inLanguage":"es"},{"@type":"ImageObject","inLanguage":"es","@id":"https:\/\/bodegagarzon.com\/es\/blog\/verano-en-uruguay\/#primaryimage","url":"https:\/\/bodegagarzon.com\/wp-content\/uploads\/2018\/08\/vacaciones-en-Uruguay.png","contentUrl":"https:\/\/bodegagarzon.com\/wp-content\/uploads\/2018\/08\/vacaciones-en-Uruguay.png","width":800,"height":550},{"@type":"WebPage","@id":"https:\/\/bodegagarzon.com\/es\/blog\/verano-en-uruguay\/#webpage","url":"https:\/\/bodegagarzon.com\/es\/blog\/verano-en-uruguay\/","name":"Verano en Uruguay. Aprontando la temporada.","isPartOf":{"@id":"https:\/\/bodegagarzon.com\/es\/#website"},"primaryImageOfPage":{"@id":"https:\/\/bodegagarzon.com\/es\/blog\/verano-en-uruguay\/#primaryimage"},"datePublished":"2016-12-09T10:00:11+00:00","dateModified":"2018-09-27T14:33:22+00:00","author":{"@id":"https:\/\/bodegagarzon.com\/es\/#\/schema\/person\/92c8c63eccf21e735f56d9a9a9ff2f31"},"description":"Llega la temporada de verano en Uruguay y desde Bodega Garz\u00f3n queremos que usted pueda planificar sus vacaciones y escapadas con antelaci\u00f3n. \u00a1Inf\u00f3rmese!","breadcrumb":{"@id":"https:\/\/bodegagarzon.com\/es\/blog\/verano-en-uruguay\/#breadcrumb"},"inLanguage":"es","potentialAction":[{"@type":"ReadAction","target":["https:\/\/bodegagarzon.com\/es\/blog\/verano-en-uruguay\/"]}]},{"@type":"BreadcrumbList","@id":"https:\/\/bodegagarzon.com\/es\/blog\/verano-en-uruguay\/#breadcrumb","itemListElement":[{"@type":"ListItem","position":1,"name":"Verano en Uruguay. Aprontando la temporada."}]},{"@type":"Person","@id":"https:\/\/bodegagarzon.com\/es\/#\/schema\/person\/92c8c63eccf21e735f56d9a9a9ff2f31","name":"desarrollo","image":{"@type":"ImageObject","inLanguage":"es","@id":"https:\/\/bodegagarzon.com\/es\/#\/schema\/person\/image\/","url":"https:\/\/secure.gravatar.com\/avatar\/a0f54ad5bd42ab4629247e2d02b138b6?s=96&d=mm&r=g","contentUrl":"https:\/\/secure.gravatar.com\/avatar\/a0f54ad5bd42ab4629247e2d02b138b6?s=96&d=mm&r=g","caption":"desarrollo"}}]}},"_links":{"self":[{"href":"https:\/\/bodegagarzon.com\/es\/wp-json\/wp\/v2\/posts\/9353"}],"collection":[{"href":"https:\/\/bodegagarzon.com\/es\/wp-json\/wp\/v2\/posts"}],"about":[{"href":"https:\/\/bodegagarzon.com\/es\/wp-json\/wp\/v2\/types\/post"}],"author":[{"embeddable":true,"href":"https:\/\/bodegagarzon.com\/es\/wp-json\/wp\/v2\/users\/1"}],"replies":[{"embeddable":true,"href":"https:\/\/bodegagarzon.com\/es\/wp-json\/wp\/v2\/comments?post=9353"}],"version-history":[{"count":0,"href":"https:\/\/bodegagarzon.com\/es\/wp-json\/wp\/v2\/posts\/9353\/revisions"}],"wp:featuredmedia":[{"embeddable":true,"href":"https:\/\/bodegagarzon.com\/es\/wp-json\/wp\/v2\/media\/9894"}],"wp:attachment":[{"href":"https:\/\/bodegagarzon.com\/es\/wp-json\/wp\/v2\/media?parent=9353"}],"wp:term":[{"taxonomy":"category","embeddable":true,"href":"https:\/\/bodegagarzon.com\/es\/wp-json\/wp\/v2\/categories?post=9353"},{"taxonomy":"post_tag","embeddable":true,"href":"https:\/\/bodegagarzon.com\/es\/wp-json\/wp\/v2\/tags?post=9353"}],"curies":[{"name":"wp","href":"https:\/\/api.w.org\/{rel}","templated":true}]}}