{"id":91919,"date":"2025-11-14T13:26:10","date_gmt":"2025-11-14T16:26:10","guid":{"rendered":"https:\/\/bodegagarzon.com\/?p=91919"},"modified":"2025-11-14T13:26:10","modified_gmt":"2025-11-14T16:26:10","slug":"de-los-andes-al-atlantico-un-recorrido-por-los-terrunos-mas-emblematicos-de-sudamerica","status":"publish","type":"post","link":"https:\/\/bodegagarzon.com\/es\/blog\/de-los-andes-al-atlantico-un-recorrido-por-los-terrunos-mas-emblematicos-de-sudamerica\/","title":{"rendered":"De los Andes al Atl\u00e1ntico. Un recorrido por los terru\u00f1os m\u00e1s emblem\u00e1ticos de Sudam\u00e9rica"},"content":{"rendered":"<p><span style=\"font-weight: 400\">Sudam\u00e9rica es una tierra de contrastes extremos. Cordilleras nevadas, valles soleados, selvas, pampas y costas oce\u00e1nicas conforman un continente donde la naturaleza dicta el ritmo del vino. En cada rinc\u00f3n, el terroir imprime su huella, y cada copa cuenta una historia de clima, suelo y pasi\u00f3n humana.<\/span><\/p>\n<h3><b>Los Andes: altura, sol y pureza<\/b><\/h3>\n<p><span style=\"font-weight: 400\">En el coraz\u00f3n del continente, los Andes se elevan como una columna vertebral que marca parte del pulso del vino sudamericano. A sus pies, los vi\u00f1edos de <\/span><b>Argentina y Chile<\/b><span style=\"font-weight: 400\"> se aferran a suelos pobres y pedregosos, desafiando las alturas para alcanzar una expresi\u00f3n \u00fanica.<\/span><\/p>\n<p><span style=\"font-weight: 400\">En <\/span><b>Mendoza<\/b><span style=\"font-weight: 400\">, la cuna del Malbec, el sol brilla con fuerza durante el d\u00eda y las noches frescas conservan la acidez natural de las uvas. Los vinos que nacen all\u00ed son potentes, profundos y llenos de car\u00e1cter, con taninos firmes y un coraz\u00f3n frutal que refleja la energ\u00eda de la monta\u00f1a.<\/span><\/p>\n<p><span style=\"font-weight: 400\">Cruzando la cordillera, el Valle de Casablanca y el Valle del Maipo, en Chile, combinan la influencia del Pac\u00edfico con la solidez de los suelos andinos. El resultado son Sauvignon Blancs vibrantes y Cabernet Sauvignons elegantes, donde el equilibrio entre frescura y estructura define una identidad marcada por la precisi\u00f3n.<\/span><\/p>\n<h3><b>Del altiplano al Atl\u00e1ntico: nuevas miradas<\/b><\/h3>\n<p><span style=\"font-weight: 400\">A medida que el mapa avanza hacia el este, el paisaje cambia, y tambi\u00e9n lo hacen los vinos. En los Valles Calchaqu\u00edes y el Valle de Uco, altitudes que superan los 2.000 metros desaf\u00edan la l\u00f3gica vitivin\u00edcola tradicional. All\u00ed, el sol intenso, la amplitud t\u00e9rmica y los suelos arenosos crean condiciones extremas que se traducen en vinos concentrados y arom\u00e1ticos, pero cada vez m\u00e1s afinados y expresivos gracias a una nueva generaci\u00f3n de en\u00f3logos que entienden que el poder tambi\u00e9n puede ser sutileza.<\/span><\/p>\n<p><span style=\"font-weight: 400\">M\u00e1s all\u00e1 de la monta\u00f1a, el Atl\u00e1ntico espera. En las colinas del este de Uruguay, el paisaje se vuelve m\u00e1s suave, verde y ondulado. La proximidad del mar lo cambia todo: la humedad, la brisa, la luz, el ritmo de maduraci\u00f3n de las uvas.<\/span><\/p>\n<h3><b>Garz\u00f3n: donde la tierra y el mar se encuentran<\/b><\/h3>\n<p><span style=\"font-weight: 400\">Es all\u00ed, en las sierras de <\/span><b>Garz\u00f3n<\/b><span style=\"font-weight: 400\">, donde el viaje encuentra su punto m\u00e1s singular. En este rinc\u00f3n de Uruguay, a pocos kil\u00f3metros del oc\u00e9ano, el terroir combina elementos \u00fanicos en el mundo: <\/span><b>suelos de balasto<\/b><span style=\"font-weight: 400\">, una roca antigua y fracturada que drena con precisi\u00f3n y aporta mineralidad, y un <\/span><b>microclima atl\u00e1ntico<\/b><span style=\"font-weight: 400\"> que modera las temperaturas y permite una maduraci\u00f3n lenta y equilibrada.<\/span><\/p>\n<p><span style=\"font-weight: 400\">El resultado son vinos con identidad propia: frescos, tensos, elegantes, con una pureza que refleja la esencia del lugar. Blancos que evocan brisa marina y c\u00edtricos vibrantes; tintos de textura delicada y notas minerales que remiten a la tierra que los vio nacer.<\/span><\/p>\n<p><span style=\"font-weight: 400\">En <\/span><b>Bodega Garz\u00f3n<\/b><span style=\"font-weight: 400\">, la viticultura es una conversaci\u00f3n constante entre el hombre y la naturaleza. Cada parcela, cada vi\u00f1a, cada copa es una interpretaci\u00f3n del entorno. Un homenaje al equilibrio entre innovaci\u00f3n y respeto por la tierra.<\/span><\/p>\n<p><span style=\"font-weight: 400\">De los Andes al Atl\u00e1ntico, Sudam\u00e9rica revela su diversidad enol\u00f3gica como un viaje de descubrimiento. Desde la intensidad de la altura hasta la frescura del mar, los vinos del continente celebran su geograf\u00eda.<\/span><span style=\"font-weight: 400\"><br \/>\n<\/span><span style=\"font-weight: 400\"><br \/>\n<\/span><span style=\"font-weight: 400\">Y en <\/span><b>Bodega<\/b> <b>Garz\u00f3n<\/b><span style=\"font-weight: 400\">, esa historia alcanza su punto m\u00e1s puro, m\u00e1s elegante y m\u00e1s profundamente atl\u00e1ntico.<\/span><\/p>\n","protected":false},"excerpt":{"rendered":"<p>Sudam\u00e9rica es una tierra de contrastes extremos. Cordilleras nevadas, valles soleados, selvas, pampas y costas oce\u00e1nicas conforman un continente donde la naturaleza dicta el ritmo del vino. En cada rinc\u00f3n, el terroir imprime su huella, y cada copa cuenta una historia de clima, suelo y pasi\u00f3n humana.<\/p>\n","protected":false},"author":15,"featured_media":91920,"comment_status":"closed","ping_status":"closed","sticky":false,"template":"","format":"standard","meta":{"inline_featured_image":false,"generate_page_header":""},"categories":[164],"tags":[],"acf":[],"yoast_head":"<!-- This site is optimized with the Yoast SEO plugin v19.1 - https:\/\/yoast.com\/wordpress\/plugins\/seo\/ -->\n<title>De los Andes al Atl\u00e1ntico. Un recorrido por los terru\u00f1os m\u00e1s emblem\u00e1ticos de Sudam\u00e9rica De los Andes al Atl\u00e1ntico<\/title>\n<meta name=\"description\" content=\"De los Andes al Atl\u00e1ntico. Un recorrido por los terru\u00f1os m\u00e1s emblem\u00e1ticos de Sudam\u00e9rica en Bodega Garz\u00f3n. Descubre m\u00e1s en nuestra web BodegaGarzon.com\" \/>\n<meta name=\"robots\" content=\"index, follow, max-snippet:-1, max-image-preview:large, max-video-preview:-1\" \/>\n<link rel=\"canonical\" href=\"https:\/\/bodegagarzon.com\/es\/blog\/de-los-andes-al-atlantico-un-recorrido-por-los-terrunos-mas-emblematicos-de-sudamerica\/\" \/>\n<meta property=\"og:locale\" content=\"es_ES\" \/>\n<meta property=\"og:type\" content=\"article\" \/>\n<meta property=\"og:title\" content=\"De los Andes al Atl\u00e1ntico. Un recorrido por los terru\u00f1os m\u00e1s emblem\u00e1ticos de Sudam\u00e9rica De los Andes al Atl\u00e1ntico\" \/>\n<meta property=\"og:description\" content=\"De los Andes al Atl\u00e1ntico. Un recorrido por los terru\u00f1os m\u00e1s emblem\u00e1ticos de Sudam\u00e9rica en Bodega Garz\u00f3n. Descubre m\u00e1s en nuestra web BodegaGarzon.com\" \/>\n<meta property=\"og:url\" content=\"https:\/\/bodegagarzon.com\/es\/blog\/de-los-andes-al-atlantico-un-recorrido-por-los-terrunos-mas-emblematicos-de-sudamerica\/\" \/>\n<meta property=\"og:site_name\" content=\"Bodega Garz\u00f3n\" \/>\n<meta property=\"article:publisher\" content=\"https:\/\/www.facebook.com\/ExperienciasGarzon\/\" \/>\n<meta property=\"article:published_time\" content=\"2025-11-14T16:26:10+00:00\" \/>\n<meta property=\"og:image\" content=\"https:\/\/bodegagarzon.com\/wp-content\/uploads\/2025\/11\/bodega-garzon-prensa-ppal.jpg\" \/>\n\t<meta property=\"og:image:width\" content=\"645\" \/>\n\t<meta property=\"og:image:height\" content=\"350\" \/>\n\t<meta property=\"og:image:type\" content=\"image\/jpeg\" \/>\n<meta name=\"twitter:card\" content=\"summary_large_image\" \/>\n<meta name=\"twitter:creator\" content=\"@BodegaGarzon\" \/>\n<meta name=\"twitter:site\" content=\"@BodegaGarzon\" \/>\n<meta name=\"twitter:label1\" content=\"Escrito por\" \/>\n\t<meta name=\"twitter:data1\" content=\"Mat\u00edas Guerreros\" \/>\n\t<meta name=\"twitter:label2\" content=\"Tiempo de lectura\" \/>\n\t<meta name=\"twitter:data2\" content=\"3 minutos\" \/>\n<script type=\"application\/ld+json\" class=\"yoast-schema-graph\">{\"@context\":\"https:\/\/schema.org\",\"@graph\":[{\"@type\":\"WebSite\",\"@id\":\"https:\/\/bodegagarzon.com\/es\/#website\",\"url\":\"https:\/\/bodegagarzon.com\/es\/\",\"name\":\"Bodega Garz\u00f3n\",\"description\":\"Exclusivos y aut\u00e9nticos vinos uruguayos\",\"potentialAction\":[{\"@type\":\"SearchAction\",\"target\":{\"@type\":\"EntryPoint\",\"urlTemplate\":\"https:\/\/bodegagarzon.com\/es\/?s={search_term_string}\"},\"query-input\":\"required name=search_term_string\"}],\"inLanguage\":\"es\"},{\"@type\":\"ImageObject\",\"inLanguage\":\"es\",\"@id\":\"https:\/\/bodegagarzon.com\/es\/blog\/de-los-andes-al-atlantico-un-recorrido-por-los-terrunos-mas-emblematicos-de-sudamerica\/#primaryimage\",\"url\":\"https:\/\/bodegagarzon.com\/wp-content\/uploads\/2025\/11\/bodega-garzon-prensa-ppal.jpg\",\"contentUrl\":\"https:\/\/bodegagarzon.com\/wp-content\/uploads\/2025\/11\/bodega-garzon-prensa-ppal.jpg\",\"width\":645,\"height\":350,\"caption\":\"bg\"},{\"@type\":\"WebPage\",\"@id\":\"https:\/\/bodegagarzon.com\/es\/blog\/de-los-andes-al-atlantico-un-recorrido-por-los-terrunos-mas-emblematicos-de-sudamerica\/#webpage\",\"url\":\"https:\/\/bodegagarzon.com\/es\/blog\/de-los-andes-al-atlantico-un-recorrido-por-los-terrunos-mas-emblematicos-de-sudamerica\/\",\"name\":\"De los Andes al Atl\u00e1ntico. Un recorrido por los terru\u00f1os m\u00e1s emblem\u00e1ticos de Sudam\u00e9rica De los Andes al Atl\u00e1ntico\",\"isPartOf\":{\"@id\":\"https:\/\/bodegagarzon.com\/es\/#website\"},\"primaryImageOfPage\":{\"@id\":\"https:\/\/bodegagarzon.com\/es\/blog\/de-los-andes-al-atlantico-un-recorrido-por-los-terrunos-mas-emblematicos-de-sudamerica\/#primaryimage\"},\"datePublished\":\"2025-11-14T16:26:10+00:00\",\"dateModified\":\"2025-11-14T16:26:10+00:00\",\"author\":{\"@id\":\"https:\/\/bodegagarzon.com\/es\/#\/schema\/person\/5374fa733cac68c9449d39f8ab9b9e53\"},\"description\":\"De los Andes al Atl\u00e1ntico. Un recorrido por los terru\u00f1os m\u00e1s emblem\u00e1ticos de Sudam\u00e9rica en Bodega Garz\u00f3n. Descubre m\u00e1s en nuestra web BodegaGarzon.com\",\"breadcrumb\":{\"@id\":\"https:\/\/bodegagarzon.com\/es\/blog\/de-los-andes-al-atlantico-un-recorrido-por-los-terrunos-mas-emblematicos-de-sudamerica\/#breadcrumb\"},\"inLanguage\":\"es\",\"potentialAction\":[{\"@type\":\"ReadAction\",\"target\":[\"https:\/\/bodegagarzon.com\/es\/blog\/de-los-andes-al-atlantico-un-recorrido-por-los-terrunos-mas-emblematicos-de-sudamerica\/\"]}]},{\"@type\":\"BreadcrumbList\",\"@id\":\"https:\/\/bodegagarzon.com\/es\/blog\/de-los-andes-al-atlantico-un-recorrido-por-los-terrunos-mas-emblematicos-de-sudamerica\/#breadcrumb\",\"itemListElement\":[{\"@type\":\"ListItem\",\"position\":1,\"name\":\"De los Andes al Atl\u00e1ntico. Un recorrido por los terru\u00f1os m\u00e1s emblem\u00e1ticos de Sudam\u00e9rica\"}]},{\"@type\":\"Person\",\"@id\":\"https:\/\/bodegagarzon.com\/es\/#\/schema\/person\/5374fa733cac68c9449d39f8ab9b9e53\",\"name\":\"Mat\u00edas Guerreros\",\"image\":{\"@type\":\"ImageObject\",\"inLanguage\":\"es\",\"@id\":\"https:\/\/bodegagarzon.com\/es\/#\/schema\/person\/image\/\",\"url\":\"https:\/\/secure.gravatar.com\/avatar\/8e66c3de37c23832002fd9204bf4199f?s=96&d=mm&r=g\",\"contentUrl\":\"https:\/\/secure.gravatar.com\/avatar\/8e66c3de37c23832002fd9204bf4199f?s=96&d=mm&r=g\",\"caption\":\"Mat\u00edas Guerreros\"}}]}<\/script>\n<!-- \/ Yoast SEO plugin. -->","yoast_head_json":{"title":"De los Andes al Atl\u00e1ntico. Un recorrido por los terru\u00f1os m\u00e1s emblem\u00e1ticos de Sudam\u00e9rica De los Andes al Atl\u00e1ntico","description":"De los Andes al Atl\u00e1ntico. Un recorrido por los terru\u00f1os m\u00e1s emblem\u00e1ticos de Sudam\u00e9rica en Bodega Garz\u00f3n. Descubre m\u00e1s en nuestra web BodegaGarzon.com","robots":{"index":"index","follow":"follow","max-snippet":"max-snippet:-1","max-image-preview":"max-image-preview:large","max-video-preview":"max-video-preview:-1"},"canonical":"https:\/\/bodegagarzon.com\/es\/blog\/de-los-andes-al-atlantico-un-recorrido-por-los-terrunos-mas-emblematicos-de-sudamerica\/","og_locale":"es_ES","og_type":"article","og_title":"De los Andes al Atl\u00e1ntico. Un recorrido por los terru\u00f1os m\u00e1s emblem\u00e1ticos de Sudam\u00e9rica De los Andes al Atl\u00e1ntico","og_description":"De los Andes al Atl\u00e1ntico. Un recorrido por los terru\u00f1os m\u00e1s emblem\u00e1ticos de Sudam\u00e9rica en Bodega Garz\u00f3n. Descubre m\u00e1s en nuestra web BodegaGarzon.com","og_url":"https:\/\/bodegagarzon.com\/es\/blog\/de-los-andes-al-atlantico-un-recorrido-por-los-terrunos-mas-emblematicos-de-sudamerica\/","og_site_name":"Bodega Garz\u00f3n","article_publisher":"https:\/\/www.facebook.com\/ExperienciasGarzon\/","article_published_time":"2025-11-14T16:26:10+00:00","og_image":[{"width":645,"height":350,"url":"https:\/\/bodegagarzon.com\/wp-content\/uploads\/2025\/11\/bodega-garzon-prensa-ppal.jpg","type":"image\/jpeg"}],"twitter_card":"summary_large_image","twitter_creator":"@BodegaGarzon","twitter_site":"@BodegaGarzon","twitter_misc":{"Escrito por":"Mat\u00edas Guerreros","Tiempo de lectura":"3 minutos"},"schema":{"@context":"https:\/\/schema.org","@graph":[{"@type":"WebSite","@id":"https:\/\/bodegagarzon.com\/es\/#website","url":"https:\/\/bodegagarzon.com\/es\/","name":"Bodega Garz\u00f3n","description":"Exclusivos y aut\u00e9nticos vinos uruguayos","potentialAction":[{"@type":"SearchAction","target":{"@type":"EntryPoint","urlTemplate":"https:\/\/bodegagarzon.com\/es\/?s={search_term_string}"},"query-input":"required name=search_term_string"}],"inLanguage":"es"},{"@type":"ImageObject","inLanguage":"es","@id":"https:\/\/bodegagarzon.com\/es\/blog\/de-los-andes-al-atlantico-un-recorrido-por-los-terrunos-mas-emblematicos-de-sudamerica\/#primaryimage","url":"https:\/\/bodegagarzon.com\/wp-content\/uploads\/2025\/11\/bodega-garzon-prensa-ppal.jpg","contentUrl":"https:\/\/bodegagarzon.com\/wp-content\/uploads\/2025\/11\/bodega-garzon-prensa-ppal.jpg","width":645,"height":350,"caption":"bg"},{"@type":"WebPage","@id":"https:\/\/bodegagarzon.com\/es\/blog\/de-los-andes-al-atlantico-un-recorrido-por-los-terrunos-mas-emblematicos-de-sudamerica\/#webpage","url":"https:\/\/bodegagarzon.com\/es\/blog\/de-los-andes-al-atlantico-un-recorrido-por-los-terrunos-mas-emblematicos-de-sudamerica\/","name":"De los Andes al Atl\u00e1ntico. Un recorrido por los terru\u00f1os m\u00e1s emblem\u00e1ticos de Sudam\u00e9rica De los Andes al Atl\u00e1ntico","isPartOf":{"@id":"https:\/\/bodegagarzon.com\/es\/#website"},"primaryImageOfPage":{"@id":"https:\/\/bodegagarzon.com\/es\/blog\/de-los-andes-al-atlantico-un-recorrido-por-los-terrunos-mas-emblematicos-de-sudamerica\/#primaryimage"},"datePublished":"2025-11-14T16:26:10+00:00","dateModified":"2025-11-14T16:26:10+00:00","author":{"@id":"https:\/\/bodegagarzon.com\/es\/#\/schema\/person\/5374fa733cac68c9449d39f8ab9b9e53"},"description":"De los Andes al Atl\u00e1ntico. Un recorrido por los terru\u00f1os m\u00e1s emblem\u00e1ticos de Sudam\u00e9rica en Bodega Garz\u00f3n. Descubre m\u00e1s en nuestra web BodegaGarzon.com","breadcrumb":{"@id":"https:\/\/bodegagarzon.com\/es\/blog\/de-los-andes-al-atlantico-un-recorrido-por-los-terrunos-mas-emblematicos-de-sudamerica\/#breadcrumb"},"inLanguage":"es","potentialAction":[{"@type":"ReadAction","target":["https:\/\/bodegagarzon.com\/es\/blog\/de-los-andes-al-atlantico-un-recorrido-por-los-terrunos-mas-emblematicos-de-sudamerica\/"]}]},{"@type":"BreadcrumbList","@id":"https:\/\/bodegagarzon.com\/es\/blog\/de-los-andes-al-atlantico-un-recorrido-por-los-terrunos-mas-emblematicos-de-sudamerica\/#breadcrumb","itemListElement":[{"@type":"ListItem","position":1,"name":"De los Andes al Atl\u00e1ntico. Un recorrido por los terru\u00f1os m\u00e1s emblem\u00e1ticos de Sudam\u00e9rica"}]},{"@type":"Person","@id":"https:\/\/bodegagarzon.com\/es\/#\/schema\/person\/5374fa733cac68c9449d39f8ab9b9e53","name":"Mat\u00edas Guerreros","image":{"@type":"ImageObject","inLanguage":"es","@id":"https:\/\/bodegagarzon.com\/es\/#\/schema\/person\/image\/","url":"https:\/\/secure.gravatar.com\/avatar\/8e66c3de37c23832002fd9204bf4199f?s=96&d=mm&r=g","contentUrl":"https:\/\/secure.gravatar.com\/avatar\/8e66c3de37c23832002fd9204bf4199f?s=96&d=mm&r=g","caption":"Mat\u00edas Guerreros"}}]}},"_links":{"self":[{"href":"https:\/\/bodegagarzon.com\/es\/wp-json\/wp\/v2\/posts\/91919"}],"collection":[{"href":"https:\/\/bodegagarzon.com\/es\/wp-json\/wp\/v2\/posts"}],"about":[{"href":"https:\/\/bodegagarzon.com\/es\/wp-json\/wp\/v2\/types\/post"}],"author":[{"embeddable":true,"href":"https:\/\/bodegagarzon.com\/es\/wp-json\/wp\/v2\/users\/15"}],"replies":[{"embeddable":true,"href":"https:\/\/bodegagarzon.com\/es\/wp-json\/wp\/v2\/comments?post=91919"}],"version-history":[{"count":1,"href":"https:\/\/bodegagarzon.com\/es\/wp-json\/wp\/v2\/posts\/91919\/revisions"}],"predecessor-version":[{"id":91923,"href":"https:\/\/bodegagarzon.com\/es\/wp-json\/wp\/v2\/posts\/91919\/revisions\/91923"}],"wp:featuredmedia":[{"embeddable":true,"href":"https:\/\/bodegagarzon.com\/es\/wp-json\/wp\/v2\/media\/91920"}],"wp:attachment":[{"href":"https:\/\/bodegagarzon.com\/es\/wp-json\/wp\/v2\/media?parent=91919"}],"wp:term":[{"taxonomy":"category","embeddable":true,"href":"https:\/\/bodegagarzon.com\/es\/wp-json\/wp\/v2\/categories?post=91919"},{"taxonomy":"post_tag","embeddable":true,"href":"https:\/\/bodegagarzon.com\/es\/wp-json\/wp\/v2\/tags?post=91919"}],"curies":[{"name":"wp","href":"https:\/\/api.w.org\/{rel}","templated":true}]}}