{"id":91773,"date":"2025-09-30T14:00:15","date_gmt":"2025-09-30T17:00:15","guid":{"rendered":"https:\/\/bodegagarzon.com\/?p=91773"},"modified":"2025-09-30T14:00:15","modified_gmt":"2025-09-30T17:00:15","slug":"la-huella-del-atlantico-en-los-vinos-de-bodega-garzon","status":"publish","type":"post","link":"https:\/\/bodegagarzon.com\/es\/blog\/la-huella-del-atlantico-en-los-vinos-de-bodega-garzon\/","title":{"rendered":"La huella del Atl\u00e1ntico en los vinos de Bodega Garz\u00f3n"},"content":{"rendered":"<p><span style=\"font-weight: 400\">La vitivinicultura uruguaya ha encontrado en Maldonado un escenario privilegiado para producir vinos de clase mundial. All\u00ed, en un entorno ondulado de colinas y suelos de balasto, Bodega Garz\u00f3n se ubica a apenas 18 kil\u00f3metros del Oc\u00e9ano Atl\u00e1ntico, una cercan\u00eda que se ha convertido en uno de los factores diferenciales de su identidad enol\u00f3gica.<\/span><\/p>\n<p><span style=\"font-weight: 400\">Lejos de ser un dato anecd\u00f3tico, la proximidad con el mar incide directamente en la calidad de los vinos. La brisa oce\u00e1nica que sopla de manera constante act\u00faa como un moderador clim\u00e1tico natural: suaviza las altas temperaturas del verano y amortigua los descensos del invierno, garantizando una maduraci\u00f3n lenta y equilibrada de las uvas. Esta condici\u00f3n favorece la retenci\u00f3n de acidez, la frescura arom\u00e1tica y la preservaci\u00f3n de compuestos que resultan clave para la complejidad en boca.<\/span><\/p>\n<p><span style=\"font-weight: 400\">La influencia del Atl\u00e1ntico no se limita al aspecto clim\u00e1tico. Su cercan\u00eda imprime un sello sensorial que distingue a los vinos de Garz\u00f3n dentro del panorama internacional. Notas minerales, sutiles toques salinos y una tensi\u00f3n vibrante en boca evocan la impronta marina, un rasgo que ha captado la atenci\u00f3n de cr\u00edticos y consumidores en distintos mercados del mundo.<\/span><\/p>\n<p><span style=\"font-weight: 400\">Combinado con la geolog\u00eda de la zona (particularmente los suelos de balasto, con excelente drenaje y capacidad de obligar a la vid a profundizar en busca de nutrientes) este microclima ha convertido a Garz\u00f3n en un terroir \u00fanico en Sudam\u00e9rica. <\/span><span style=\"font-weight: 400\"><br \/>\n<\/span><span style=\"font-weight: 400\">As\u00ed lo confirman los reconocimientos obtenidos en rankings internacionales, que destacan la capacidad de la bodega para producir vinos con frescura, equilibrio y un estilo inconfundible.<\/span><\/p>\n<p><span style=\"font-weight: 400\">Quienes deseen apreciar de manera directa esta huella atl\u00e1ntica en la copa pueden hacerlo a trav\u00e9s de tres etiquetas emblem\u00e1ticas:<\/span><\/p>\n<ul>\n<li style=\"font-weight: 400\"><b>Albari\u00f1o Reserva<\/b><span style=\"font-weight: 400\">: con perfil c\u00edtrico, floral y una marcada frescura salina, es un blanco que refleja de manera clara la cercan\u00eda con el mar.<\/span><span style=\"font-weight: 400\"><br \/>\n<\/span><span style=\"font-weight: 400\"><br \/>\n<\/span><\/li>\n<li style=\"font-weight: 400\"><b>Tannat Reserva<\/b><span style=\"font-weight: 400\">: el cl\u00e1sico varietal uruguayo que, en Garz\u00f3n, combina potencia y estructura con taninos suaves y una frescura atl\u00e1ntica que lo distingue.<\/span><span style=\"font-weight: 400\">\n<p><\/span><\/li>\n<\/ul>\n<p><span style=\"font-weight: 400\">En estos vinos se percibe el di\u00e1logo permanente entre el vi\u00f1edo y el oc\u00e9ano, una interacci\u00f3n que define el car\u00e1cter de Bodega Garz\u00f3n y explica su lugar en la vitivinicultura de excelencia a nivel global.<\/span><\/p>\n<p>&nbsp;<\/p>\n","protected":false},"excerpt":{"rendered":"<p>La vitivinicultura uruguaya ha encontrado en Maldonado un escenario privilegiado para producir vinos de clase mundial. All\u00ed, en un entorno ondulado de colinas y suelos de balasto, Bodega Garz\u00f3n se ubica a apenas 18 kil\u00f3metros del Oc\u00e9ano Atl\u00e1ntico, una cercan\u00eda que se ha convertido en uno de los factores diferenciales de su identidad enol\u00f3gica.<\/p>\n","protected":false},"author":15,"featured_media":91774,"comment_status":"closed","ping_status":"closed","sticky":false,"template":"","format":"standard","meta":{"inline_featured_image":false,"generate_page_header":""},"categories":[164],"tags":[],"acf":[],"yoast_head":"<!-- This site is optimized with the Yoast SEO plugin v19.1 - https:\/\/yoast.com\/wordpress\/plugins\/seo\/ -->\n<title>La huella del Atl\u00e1ntico en los vinos de Bodega Garz\u00f3n<\/title>\n<meta name=\"description\" content=\"La huella del Atl\u00e1ntico en los vinos de Bodega Garz\u00f3n en Bodega Garz\u00f3n. Descubre m\u00e1s en nuestra web BodegaGarzon.com\" \/>\n<meta name=\"robots\" content=\"index, follow, max-snippet:-1, max-image-preview:large, max-video-preview:-1\" \/>\n<link rel=\"canonical\" href=\"https:\/\/bodegagarzon.com\/es\/blog\/la-huella-del-atlantico-en-los-vinos-de-bodega-garzon\/\" \/>\n<meta property=\"og:locale\" content=\"es_ES\" \/>\n<meta property=\"og:type\" content=\"article\" \/>\n<meta property=\"og:title\" content=\"La huella del Atl\u00e1ntico en los vinos de Bodega Garz\u00f3n\" \/>\n<meta property=\"og:description\" content=\"La huella del Atl\u00e1ntico en los vinos de Bodega Garz\u00f3n en Bodega Garz\u00f3n. Descubre m\u00e1s en nuestra web BodegaGarzon.com\" \/>\n<meta property=\"og:url\" content=\"https:\/\/bodegagarzon.com\/es\/blog\/la-huella-del-atlantico-en-los-vinos-de-bodega-garzon\/\" \/>\n<meta property=\"og:site_name\" content=\"Bodega Garz\u00f3n\" \/>\n<meta property=\"article:publisher\" content=\"https:\/\/www.facebook.com\/ExperienciasGarzon\/\" \/>\n<meta property=\"article:published_time\" content=\"2025-09-30T17:00:15+00:00\" \/>\n<meta property=\"og:image\" content=\"https:\/\/bodegagarzon.com\/wp-content\/uploads\/2025\/09\/Captura-de-Pantalla-2025-09-30-a-las-13.59.44.png\" \/>\n\t<meta property=\"og:image:width\" content=\"881\" \/>\n\t<meta property=\"og:image:height\" content=\"589\" \/>\n\t<meta property=\"og:image:type\" content=\"image\/png\" \/>\n<meta name=\"twitter:card\" content=\"summary_large_image\" \/>\n<meta name=\"twitter:creator\" content=\"@BodegaGarzon\" \/>\n<meta name=\"twitter:site\" content=\"@BodegaGarzon\" \/>\n<meta name=\"twitter:label1\" content=\"Escrito por\" \/>\n\t<meta name=\"twitter:data1\" content=\"Mat\u00edas Guerreros\" \/>\n\t<meta name=\"twitter:label2\" content=\"Tiempo de lectura\" \/>\n\t<meta name=\"twitter:data2\" content=\"2 minutos\" \/>\n<script type=\"application\/ld+json\" class=\"yoast-schema-graph\">{\"@context\":\"https:\/\/schema.org\",\"@graph\":[{\"@type\":\"WebSite\",\"@id\":\"https:\/\/bodegagarzon.com\/es\/#website\",\"url\":\"https:\/\/bodegagarzon.com\/es\/\",\"name\":\"Bodega Garz\u00f3n\",\"description\":\"Exclusivos y aut\u00e9nticos vinos uruguayos\",\"potentialAction\":[{\"@type\":\"SearchAction\",\"target\":{\"@type\":\"EntryPoint\",\"urlTemplate\":\"https:\/\/bodegagarzon.com\/es\/?s={search_term_string}\"},\"query-input\":\"required name=search_term_string\"}],\"inLanguage\":\"es\"},{\"@type\":\"ImageObject\",\"inLanguage\":\"es\",\"@id\":\"https:\/\/bodegagarzon.com\/es\/blog\/la-huella-del-atlantico-en-los-vinos-de-bodega-garzon\/#primaryimage\",\"url\":\"https:\/\/bodegagarzon.com\/wp-content\/uploads\/2025\/09\/Captura-de-Pantalla-2025-09-30-a-las-13.59.44.png\",\"contentUrl\":\"https:\/\/bodegagarzon.com\/wp-content\/uploads\/2025\/09\/Captura-de-Pantalla-2025-09-30-a-las-13.59.44.png\",\"width\":881,\"height\":589,\"caption\":\"albari\u00f1o nota\"},{\"@type\":\"WebPage\",\"@id\":\"https:\/\/bodegagarzon.com\/es\/blog\/la-huella-del-atlantico-en-los-vinos-de-bodega-garzon\/#webpage\",\"url\":\"https:\/\/bodegagarzon.com\/es\/blog\/la-huella-del-atlantico-en-los-vinos-de-bodega-garzon\/\",\"name\":\"La huella del Atl\u00e1ntico en los vinos de Bodega Garz\u00f3n\",\"isPartOf\":{\"@id\":\"https:\/\/bodegagarzon.com\/es\/#website\"},\"primaryImageOfPage\":{\"@id\":\"https:\/\/bodegagarzon.com\/es\/blog\/la-huella-del-atlantico-en-los-vinos-de-bodega-garzon\/#primaryimage\"},\"datePublished\":\"2025-09-30T17:00:15+00:00\",\"dateModified\":\"2025-09-30T17:00:15+00:00\",\"author\":{\"@id\":\"https:\/\/bodegagarzon.com\/es\/#\/schema\/person\/5374fa733cac68c9449d39f8ab9b9e53\"},\"description\":\"La huella del Atl\u00e1ntico en los vinos de Bodega Garz\u00f3n en Bodega Garz\u00f3n. Descubre m\u00e1s en nuestra web BodegaGarzon.com\",\"breadcrumb\":{\"@id\":\"https:\/\/bodegagarzon.com\/es\/blog\/la-huella-del-atlantico-en-los-vinos-de-bodega-garzon\/#breadcrumb\"},\"inLanguage\":\"es\",\"potentialAction\":[{\"@type\":\"ReadAction\",\"target\":[\"https:\/\/bodegagarzon.com\/es\/blog\/la-huella-del-atlantico-en-los-vinos-de-bodega-garzon\/\"]}]},{\"@type\":\"BreadcrumbList\",\"@id\":\"https:\/\/bodegagarzon.com\/es\/blog\/la-huella-del-atlantico-en-los-vinos-de-bodega-garzon\/#breadcrumb\",\"itemListElement\":[{\"@type\":\"ListItem\",\"position\":1,\"name\":\"La huella del Atl\u00e1ntico en los vinos de Bodega Garz\u00f3n\"}]},{\"@type\":\"Person\",\"@id\":\"https:\/\/bodegagarzon.com\/es\/#\/schema\/person\/5374fa733cac68c9449d39f8ab9b9e53\",\"name\":\"Mat\u00edas Guerreros\",\"image\":{\"@type\":\"ImageObject\",\"inLanguage\":\"es\",\"@id\":\"https:\/\/bodegagarzon.com\/es\/#\/schema\/person\/image\/\",\"url\":\"https:\/\/secure.gravatar.com\/avatar\/8e66c3de37c23832002fd9204bf4199f?s=96&d=mm&r=g\",\"contentUrl\":\"https:\/\/secure.gravatar.com\/avatar\/8e66c3de37c23832002fd9204bf4199f?s=96&d=mm&r=g\",\"caption\":\"Mat\u00edas Guerreros\"}}]}<\/script>\n<!-- \/ Yoast SEO plugin. -->","yoast_head_json":{"title":"La huella del Atl\u00e1ntico en los vinos de Bodega Garz\u00f3n","description":"La huella del Atl\u00e1ntico en los vinos de Bodega Garz\u00f3n en Bodega Garz\u00f3n. Descubre m\u00e1s en nuestra web BodegaGarzon.com","robots":{"index":"index","follow":"follow","max-snippet":"max-snippet:-1","max-image-preview":"max-image-preview:large","max-video-preview":"max-video-preview:-1"},"canonical":"https:\/\/bodegagarzon.com\/es\/blog\/la-huella-del-atlantico-en-los-vinos-de-bodega-garzon\/","og_locale":"es_ES","og_type":"article","og_title":"La huella del Atl\u00e1ntico en los vinos de Bodega Garz\u00f3n","og_description":"La huella del Atl\u00e1ntico en los vinos de Bodega Garz\u00f3n en Bodega Garz\u00f3n. Descubre m\u00e1s en nuestra web BodegaGarzon.com","og_url":"https:\/\/bodegagarzon.com\/es\/blog\/la-huella-del-atlantico-en-los-vinos-de-bodega-garzon\/","og_site_name":"Bodega Garz\u00f3n","article_publisher":"https:\/\/www.facebook.com\/ExperienciasGarzon\/","article_published_time":"2025-09-30T17:00:15+00:00","og_image":[{"width":881,"height":589,"url":"https:\/\/bodegagarzon.com\/wp-content\/uploads\/2025\/09\/Captura-de-Pantalla-2025-09-30-a-las-13.59.44.png","type":"image\/png"}],"twitter_card":"summary_large_image","twitter_creator":"@BodegaGarzon","twitter_site":"@BodegaGarzon","twitter_misc":{"Escrito por":"Mat\u00edas Guerreros","Tiempo de lectura":"2 minutos"},"schema":{"@context":"https:\/\/schema.org","@graph":[{"@type":"WebSite","@id":"https:\/\/bodegagarzon.com\/es\/#website","url":"https:\/\/bodegagarzon.com\/es\/","name":"Bodega Garz\u00f3n","description":"Exclusivos y aut\u00e9nticos vinos uruguayos","potentialAction":[{"@type":"SearchAction","target":{"@type":"EntryPoint","urlTemplate":"https:\/\/bodegagarzon.com\/es\/?s={search_term_string}"},"query-input":"required name=search_term_string"}],"inLanguage":"es"},{"@type":"ImageObject","inLanguage":"es","@id":"https:\/\/bodegagarzon.com\/es\/blog\/la-huella-del-atlantico-en-los-vinos-de-bodega-garzon\/#primaryimage","url":"https:\/\/bodegagarzon.com\/wp-content\/uploads\/2025\/09\/Captura-de-Pantalla-2025-09-30-a-las-13.59.44.png","contentUrl":"https:\/\/bodegagarzon.com\/wp-content\/uploads\/2025\/09\/Captura-de-Pantalla-2025-09-30-a-las-13.59.44.png","width":881,"height":589,"caption":"albari\u00f1o nota"},{"@type":"WebPage","@id":"https:\/\/bodegagarzon.com\/es\/blog\/la-huella-del-atlantico-en-los-vinos-de-bodega-garzon\/#webpage","url":"https:\/\/bodegagarzon.com\/es\/blog\/la-huella-del-atlantico-en-los-vinos-de-bodega-garzon\/","name":"La huella del Atl\u00e1ntico en los vinos de Bodega Garz\u00f3n","isPartOf":{"@id":"https:\/\/bodegagarzon.com\/es\/#website"},"primaryImageOfPage":{"@id":"https:\/\/bodegagarzon.com\/es\/blog\/la-huella-del-atlantico-en-los-vinos-de-bodega-garzon\/#primaryimage"},"datePublished":"2025-09-30T17:00:15+00:00","dateModified":"2025-09-30T17:00:15+00:00","author":{"@id":"https:\/\/bodegagarzon.com\/es\/#\/schema\/person\/5374fa733cac68c9449d39f8ab9b9e53"},"description":"La huella del Atl\u00e1ntico en los vinos de Bodega Garz\u00f3n en Bodega Garz\u00f3n. Descubre m\u00e1s en nuestra web BodegaGarzon.com","breadcrumb":{"@id":"https:\/\/bodegagarzon.com\/es\/blog\/la-huella-del-atlantico-en-los-vinos-de-bodega-garzon\/#breadcrumb"},"inLanguage":"es","potentialAction":[{"@type":"ReadAction","target":["https:\/\/bodegagarzon.com\/es\/blog\/la-huella-del-atlantico-en-los-vinos-de-bodega-garzon\/"]}]},{"@type":"BreadcrumbList","@id":"https:\/\/bodegagarzon.com\/es\/blog\/la-huella-del-atlantico-en-los-vinos-de-bodega-garzon\/#breadcrumb","itemListElement":[{"@type":"ListItem","position":1,"name":"La huella del Atl\u00e1ntico en los vinos de Bodega Garz\u00f3n"}]},{"@type":"Person","@id":"https:\/\/bodegagarzon.com\/es\/#\/schema\/person\/5374fa733cac68c9449d39f8ab9b9e53","name":"Mat\u00edas Guerreros","image":{"@type":"ImageObject","inLanguage":"es","@id":"https:\/\/bodegagarzon.com\/es\/#\/schema\/person\/image\/","url":"https:\/\/secure.gravatar.com\/avatar\/8e66c3de37c23832002fd9204bf4199f?s=96&d=mm&r=g","contentUrl":"https:\/\/secure.gravatar.com\/avatar\/8e66c3de37c23832002fd9204bf4199f?s=96&d=mm&r=g","caption":"Mat\u00edas Guerreros"}}]}},"_links":{"self":[{"href":"https:\/\/bodegagarzon.com\/es\/wp-json\/wp\/v2\/posts\/91773"}],"collection":[{"href":"https:\/\/bodegagarzon.com\/es\/wp-json\/wp\/v2\/posts"}],"about":[{"href":"https:\/\/bodegagarzon.com\/es\/wp-json\/wp\/v2\/types\/post"}],"author":[{"embeddable":true,"href":"https:\/\/bodegagarzon.com\/es\/wp-json\/wp\/v2\/users\/15"}],"replies":[{"embeddable":true,"href":"https:\/\/bodegagarzon.com\/es\/wp-json\/wp\/v2\/comments?post=91773"}],"version-history":[{"count":2,"href":"https:\/\/bodegagarzon.com\/es\/wp-json\/wp\/v2\/posts\/91773\/revisions"}],"predecessor-version":[{"id":91778,"href":"https:\/\/bodegagarzon.com\/es\/wp-json\/wp\/v2\/posts\/91773\/revisions\/91778"}],"wp:featuredmedia":[{"embeddable":true,"href":"https:\/\/bodegagarzon.com\/es\/wp-json\/wp\/v2\/media\/91774"}],"wp:attachment":[{"href":"https:\/\/bodegagarzon.com\/es\/wp-json\/wp\/v2\/media?parent=91773"}],"wp:term":[{"taxonomy":"category","embeddable":true,"href":"https:\/\/bodegagarzon.com\/es\/wp-json\/wp\/v2\/categories?post=91773"},{"taxonomy":"post_tag","embeddable":true,"href":"https:\/\/bodegagarzon.com\/es\/wp-json\/wp\/v2\/tags?post=91773"}],"curies":[{"name":"wp","href":"https:\/\/api.w.org\/{rel}","templated":true}]}}