{"id":9167,"date":"2015-03-02T01:25:06","date_gmt":"2015-03-02T01:25:06","guid":{"rendered":"https:\/\/bodegagarzon.com\/sin-categorizar\/10-fiestas-de-la-produccion-en-uruguay\/"},"modified":"2018-09-27T14:51:07","modified_gmt":"2018-09-27T14:51:07","slug":"10-fiestas-de-la-produccion-en-uruguay","status":"publish","type":"post","link":"https:\/\/bodegagarzon.com\/es\/blog\/10-fiestas-de-la-produccion-en-uruguay\/","title":{"rendered":"10 fiestas de la producci\u00f3n en Uruguay"},"content":{"rendered":"<p>Cuando se trata de festejos que son de inter\u00e9s especial por lo que <strong>representan para la identidad de las distintas localidades<\/strong>, no hay que olvidarse de las fiestas dedicadas a la producci\u00f3n; esa magnifica oportunidad para <strong>reunirse, divertirse y exponer los productos locales ante visitantes for\u00e1neos<\/strong>. A pesar de los diferentes or\u00edgenes y tradiciones de los productos celebrados, estos festivales tienen muchos elementos en com\u00fan: <strong>desfiles, elecciones de reinas, demostraciones pr\u00e1cticas, stands gastron\u00f3micos y grandes espect\u00e1culos<\/strong>. Veamos c\u00f3mo, cu\u00e1ndo y d\u00f3nde se realiza esta selecci\u00f3n de 10 fiestas de la producci\u00f3n en Uruguay.<\/p>\n<p><strong><a href=\"http:\/\/upload.wikimedia.org\/wikipedia\/commons\/thumb\/4\/48\/Watermelon-2.JPG\/640px-Watermelon-2.JPG\"><img loading=\"lazy\" class=\"alignleft\" src=\"http:\/\/upload.wikimedia.org\/wikipedia\/commons\/thumb\/4\/48\/Watermelon-2.JPG\/640px-Watermelon-2.JPG\" alt=\"\" width=\"138\" height=\"104\" \/><\/a>Fiesta de la Sand\u00eda:<\/strong> En la <a title=\"Tranqueras - Wikipedia\" href=\"http:\/\/es.wikipedia.org\/wiki\/Tranqueras\" target=\"_blank\" rel=\"noopener\"><strong>ciudad de Tranqueras<\/strong><\/a>, la primera semana de febrero, de jueves a s\u00e1bado, se lleva a cabo la Fiesta de la Sand\u00eda. <strong>Un desfile y distintas expresiones sobre la producci\u00f3n<\/strong>, informan a los visitantes sobre la actividad, en un marco festivo creado por los mejores exponentes de la m\u00fasica popular y una variada oferta gastron\u00f3mica y comercial.<\/p>\n<p><strong>Fiesta del Pollo y la Gallina:<\/strong> Se lleva a cabo en <a title=\"Canelones - Wikipedia\" href=\"http:\/\/es.wikipedia.org\/wiki\/Canelones\" target=\"_blank\" rel=\"noopener\"><strong>Canelones<\/strong><\/a>, \u201cCapital Nacional de la Avicultura\u201d, el tercer fin de semana de febrero. El rol protag\u00f3nico de esta fiesta lo asume la carne de ave. Se realizan<strong> talleres, concursos gastron\u00f3micos y espect\u00e1culos con artistas destacados del canto popular uruguayo.<\/strong><\/p>\n<p><a href=\"https:\/\/c1.staticflickr.com\/3\/2854\/11213230306_5585832f95_h.jpg\"><img loading=\"lazy\" class=\"alignright\" src=\"https:\/\/c1.staticflickr.com\/3\/2854\/11213230306_5585832f95_h.jpg\" alt=\"\" width=\"93\" height=\"125\" \/><\/a><strong>Fiesta de la Vendimia:<\/strong> Tambi\u00e9n en el departamento de Canelones, pero el segundo fin de semana de marzo, se realiza esta fiesta que <strong>exalta los valores de la cultura del vino<\/strong>. Las bodegas representadas exponen sus productos y se elige la reina nacional del vino, para luego dar lugar al tradicional <strong>desfile de la vendimia<\/strong>.<\/p>\n<p><strong>Semana de la Cerveza:<\/strong> Esta semana coincide con la Semana Santa, tambi\u00e9n llamada <strong><a title=\"Semana del turismo - Wikipedia\" href=\"http:\/\/es.wikipedia.org\/wiki\/Semana_de_Turismo\" target=\"_blank\" rel=\"noopener\">Semana de Turismo<\/a> en<\/strong><strong> Uruguay<\/strong>. Gran cantidad de visitantes se da cita en <strong><a title=\"Paysand\u00fa - Wikipedia\" href=\"http:\/\/es.wikipedia.org\/wiki\/Paysand%C3%BA\" target=\"_blank\" rel=\"noopener\">Paysand\u00fa<\/a><\/strong>, lo que que convierte a esta semana en una de las principales atracciones tur\u00edsticas que ofrece el departamento. La fiesta comprende<strong> eventos musicales, culturales y deportivos. Es destacable la magnificencia de los espect\u00e1culos musicales, por la calidad de los artistas nacionales e internacionales que participan.<\/strong><\/p>\n<p><strong><a href=\"http:\/\/upload.wikimedia.org\/wikipedia\/commons\/2\/2e\/Uva_rossa.JPG\"><img loading=\"lazy\" class=\"alignleft\" src=\"http:\/\/upload.wikimedia.org\/wikipedia\/commons\/2\/2e\/Uva_rossa.JPG\" alt=\"\" width=\"146\" height=\"109\" \/><\/a>Fiesta de la Uva y el Vino:<\/strong> <strong>Esta fiesta cierra el mes de abril<\/strong> y homenajea a la producci\u00f3n familiar del vino en la ciudad de <a title=\"Villa Rodriguez - Wikipedia\" href=\"http:\/\/es.wikipedia.org\/wiki\/Rodr%C3%ADguez_%28Uruguay%29\" target=\"_blank\" rel=\"noopener\">Villa Rodr\u00edguez<\/a>, en el departamento de San Jos\u00e9. Los pobladores engalanan sus calles con elementos vistosos referentes a la uva y el vino. Adem\u00e1s, entre catas y espect\u00e1culos musicales, <strong>se produce el desfile de carrozas en el cual participa la reina de la vendimia.<\/strong><\/p>\n<p><strong>Festival del Buti\u00e1:<\/strong> En los <a title=\"Rocha - Wikipedia\" href=\"http:\/\/es.wikipedia.org\/wiki\/Departamento_de_Rocha\" target=\"_blank\" rel=\"noopener\">palmares de Rocha<\/a>, el d\u00eda mundial del trabajador tiene un\u00a0 sabor distinto. En la fiesta se busca resaltar la importancia del fruto de la especie de palmeras hom\u00f3nima, materia prima para la elaboraci\u00f3n de productos t\u00edpicos de la regi\u00f3n. Durante el festival <strong>se pueden degustar los productos derivados del buti\u00e1 <\/strong>y escuchar a reconocidos representantes del folclore nacional<strong>.<\/strong><\/p>\n<p><strong>Fiesta de la Miel:<\/strong> En el segundo fin de semana de mayo se rinde culto a la industria ap\u00edcola en la localidad de <a title=\"Sarandi Grande - Wikipedia\" href=\"http:\/\/es.wikipedia.org\/wiki\/Sarand%C3%AD_Grande_%28Florida%29\" target=\"_blank\" rel=\"noopener\">Sarand\u00ed Grande<\/a> con la <strong>cata de mieles y la elecci\u00f3n de la reina de la miel<\/strong>. El desfile de carrozas aleg\u00f3ricas y diversos espect\u00e1culos musicales son el atractivo para la familia del apicultor y p\u00fablico en general.<\/p>\n<p><strong>Fiesta del Arroz:<\/strong> En el departamento de <a title=\"Cerro Largo - Wikipedia\" href=\"http:\/\/es.wikipedia.org\/wiki\/Departamento_de_Cerro_Largo\" target=\"_blank\" rel=\"noopener\">Cerro Largo<\/a>, el segundo fin de semana de julio se lleva a cabo una fiesta que resalta la importancia que tienen para la poblaci\u00f3n las 8000 hect\u00e1reas que se destinan a la producci\u00f3n arrocera. <strong>Se elige a la reina y se realizan concursos gastron\u00f3micos en base al arroz que se suman a m\u00faltiples espect\u00e1culos musicales.<\/strong><\/p>\n<p><strong><a href=\"http:\/\/upload.wikimedia.org\/wikipedia\/commons\/8\/82\/Fiesta_del_Cordero._Arboledas..JPG\"><img loading=\"lazy\" class=\"alignright\" src=\"http:\/\/upload.wikimedia.org\/wikipedia\/commons\/8\/82\/Fiesta_del_Cordero._Arboledas..JPG\" alt=\"\" width=\"159\" height=\"119\" \/><\/a><\/strong><strong>Fiesta del Cordero Pesado:<\/strong> Esta fiesta se realiza el segundo fin de semana de noviembre en la ciudad de\u00a0<strong><a title=\"Durazno - Wikipedia\" href=\"http:\/\/es.wikipedia.org\/wiki\/Durazno_%28Uruguay%29\" target=\"_blank\" rel=\"noopener\">Durazno<\/a><\/strong> como forma de posicionar la producci\u00f3n ovina. <strong>La fiesta consigue maravillar a los visitantes con demostraciones de esquila, competencias de perros ovejeros y el gran concurso del cordero asado en el fog\u00f3n tradicional<\/strong>, en el marco de espect\u00e1culos musicales con artistas provenientes de todo el pa\u00eds.<\/p>\n<p><strong>Fiesta de la Madera:<\/strong> Se lleva a cabo el primer fin de semana de diciembre en la localidad de<strong> <a title=\"Piedras Coloradas - Wikipedia\" href=\"http:\/\/es.wikipedia.org\/wiki\/Piedras_Coloradas\" target=\"_blank\" rel=\"noopener\">Piedras Coloradas<\/a><\/strong>, en el departamento de Paysand\u00fa. Se elige la reina de la madera, quien desfila junto a carros aleg\u00f3ricos. Adem\u00e1s, <strong>se organizan competencias en las que los trabajadores de la madera demuestran sus destrezas<\/strong>. La fiesta se completa con espect\u00e1culos y una variada oferta gastron\u00f3mica.<\/p>\n","protected":false},"excerpt":{"rendered":"<p>Cuando se trata de festejos que son de inter\u00e9s especial por lo que representan para la identidad de las distintas localidades, no hay que olvidarse de las fiestas dedicadas a la producci\u00f3n; esa magnifica oportunidad para reunirse, divertirse y exponer los productos locales ante visitantes for\u00e1neos. A pesar de los diferentes or\u00edgenes y tradiciones de los productos celebrados, estos festivales &#8230; <a title=\"10 fiestas de la producci\u00f3n en Uruguay\" class=\"read-more\" href=\"https:\/\/bodegagarzon.com\/es\/blog\/10-fiestas-de-la-produccion-en-uruguay\/\" aria-label=\"M\u00e1s en 10 fiestas de la producci\u00f3n en Uruguay\">&nbsp;<\/a><\/p>\n","protected":false},"author":1,"featured_media":10245,"comment_status":"open","ping_status":"closed","sticky":false,"template":"","format":"standard","meta":{"inline_featured_image":false,"generate_page_header":""},"categories":[160],"tags":[161],"acf":[],"yoast_head":"<!-- This site is optimized with the Yoast SEO plugin v19.1 - https:\/\/yoast.com\/wordpress\/plugins\/seo\/ -->\n<title>10 fiestas de la producci\u00f3n en Uruguay<\/title>\n<meta name=\"description\" content=\"10 fiestas de la producci\u00f3n en Uruguay\" \/>\n<meta name=\"robots\" content=\"index, follow, max-snippet:-1, max-image-preview:large, max-video-preview:-1\" \/>\n<link rel=\"canonical\" href=\"https:\/\/bodegagarzon.com\/es\/blog\/10-fiestas-de-la-produccion-en-uruguay\/\" \/>\n<meta property=\"og:locale\" content=\"es_ES\" \/>\n<meta property=\"og:type\" content=\"article\" \/>\n<meta property=\"og:title\" content=\"10 fiestas de la producci\u00f3n en Uruguay\" \/>\n<meta property=\"og:description\" content=\"10 fiestas de la producci\u00f3n en Uruguay\" \/>\n<meta property=\"og:url\" content=\"https:\/\/bodegagarzon.com\/es\/blog\/10-fiestas-de-la-produccion-en-uruguay\/\" \/>\n<meta property=\"og:site_name\" content=\"Bodega Garz\u00f3n\" \/>\n<meta property=\"article:publisher\" content=\"https:\/\/www.facebook.com\/ExperienciasGarzon\/\" \/>\n<meta property=\"article:published_time\" content=\"2015-03-02T01:25:06+00:00\" \/>\n<meta property=\"article:modified_time\" content=\"2018-09-27T14:51:07+00:00\" \/>\n<meta property=\"og:image\" content=\"https:\/\/bodegagarzon.com\/wp-content\/uploads\/2018\/08\/produccion-en-Uruguay.jpg\" \/>\n\t<meta property=\"og:image:width\" content=\"822\" \/>\n\t<meta property=\"og:image:height\" content=\"584\" \/>\n\t<meta property=\"og:image:type\" content=\"image\/jpeg\" \/>\n<meta name=\"twitter:card\" content=\"summary_large_image\" \/>\n<meta name=\"twitter:creator\" content=\"@BodegaGarzon\" \/>\n<meta name=\"twitter:site\" content=\"@BodegaGarzon\" \/>\n<meta name=\"twitter:label1\" content=\"Escrito por\" \/>\n\t<meta name=\"twitter:data1\" content=\"desarrollo\" \/>\n\t<meta name=\"twitter:label2\" content=\"Tiempo de lectura\" \/>\n\t<meta name=\"twitter:data2\" content=\"4 minutos\" \/>\n<script type=\"application\/ld+json\" class=\"yoast-schema-graph\">{\"@context\":\"https:\/\/schema.org\",\"@graph\":[{\"@type\":\"WebSite\",\"@id\":\"https:\/\/bodegagarzon.com\/es\/#website\",\"url\":\"https:\/\/bodegagarzon.com\/es\/\",\"name\":\"Bodega Garz\u00f3n\",\"description\":\"Exclusivos y aut\u00e9nticos vinos uruguayos\",\"potentialAction\":[{\"@type\":\"SearchAction\",\"target\":{\"@type\":\"EntryPoint\",\"urlTemplate\":\"https:\/\/bodegagarzon.com\/es\/?s={search_term_string}\"},\"query-input\":\"required name=search_term_string\"}],\"inLanguage\":\"es\"},{\"@type\":\"ImageObject\",\"inLanguage\":\"es\",\"@id\":\"https:\/\/bodegagarzon.com\/es\/blog\/10-fiestas-de-la-produccion-en-uruguay\/#primaryimage\",\"url\":\"https:\/\/bodegagarzon.com\/wp-content\/uploads\/2018\/08\/produccion-en-Uruguay.jpg\",\"contentUrl\":\"https:\/\/bodegagarzon.com\/wp-content\/uploads\/2018\/08\/produccion-en-Uruguay.jpg\",\"width\":822,\"height\":584},{\"@type\":\"WebPage\",\"@id\":\"https:\/\/bodegagarzon.com\/es\/blog\/10-fiestas-de-la-produccion-en-uruguay\/#webpage\",\"url\":\"https:\/\/bodegagarzon.com\/es\/blog\/10-fiestas-de-la-produccion-en-uruguay\/\",\"name\":\"10 fiestas de la producci\u00f3n en Uruguay\",\"isPartOf\":{\"@id\":\"https:\/\/bodegagarzon.com\/es\/#website\"},\"primaryImageOfPage\":{\"@id\":\"https:\/\/bodegagarzon.com\/es\/blog\/10-fiestas-de-la-produccion-en-uruguay\/#primaryimage\"},\"datePublished\":\"2015-03-02T01:25:06+00:00\",\"dateModified\":\"2018-09-27T14:51:07+00:00\",\"author\":{\"@id\":\"https:\/\/bodegagarzon.com\/es\/#\/schema\/person\/92c8c63eccf21e735f56d9a9a9ff2f31\"},\"description\":\"10 fiestas de la producci\u00f3n en Uruguay\",\"breadcrumb\":{\"@id\":\"https:\/\/bodegagarzon.com\/es\/blog\/10-fiestas-de-la-produccion-en-uruguay\/#breadcrumb\"},\"inLanguage\":\"es\",\"potentialAction\":[{\"@type\":\"ReadAction\",\"target\":[\"https:\/\/bodegagarzon.com\/es\/blog\/10-fiestas-de-la-produccion-en-uruguay\/\"]}]},{\"@type\":\"BreadcrumbList\",\"@id\":\"https:\/\/bodegagarzon.com\/es\/blog\/10-fiestas-de-la-produccion-en-uruguay\/#breadcrumb\",\"itemListElement\":[{\"@type\":\"ListItem\",\"position\":1,\"name\":\"10 fiestas de la producci\u00f3n en Uruguay\"}]},{\"@type\":\"Person\",\"@id\":\"https:\/\/bodegagarzon.com\/es\/#\/schema\/person\/92c8c63eccf21e735f56d9a9a9ff2f31\",\"name\":\"desarrollo\",\"image\":{\"@type\":\"ImageObject\",\"inLanguage\":\"es\",\"@id\":\"https:\/\/bodegagarzon.com\/es\/#\/schema\/person\/image\/\",\"url\":\"https:\/\/secure.gravatar.com\/avatar\/a0f54ad5bd42ab4629247e2d02b138b6?s=96&d=mm&r=g\",\"contentUrl\":\"https:\/\/secure.gravatar.com\/avatar\/a0f54ad5bd42ab4629247e2d02b138b6?s=96&d=mm&r=g\",\"caption\":\"desarrollo\"}}]}<\/script>\n<!-- \/ Yoast SEO plugin. -->","yoast_head_json":{"title":"10 fiestas de la producci\u00f3n en Uruguay","description":"10 fiestas de la producci\u00f3n en Uruguay","robots":{"index":"index","follow":"follow","max-snippet":"max-snippet:-1","max-image-preview":"max-image-preview:large","max-video-preview":"max-video-preview:-1"},"canonical":"https:\/\/bodegagarzon.com\/es\/blog\/10-fiestas-de-la-produccion-en-uruguay\/","og_locale":"es_ES","og_type":"article","og_title":"10 fiestas de la producci\u00f3n en Uruguay","og_description":"10 fiestas de la producci\u00f3n en Uruguay","og_url":"https:\/\/bodegagarzon.com\/es\/blog\/10-fiestas-de-la-produccion-en-uruguay\/","og_site_name":"Bodega Garz\u00f3n","article_publisher":"https:\/\/www.facebook.com\/ExperienciasGarzon\/","article_published_time":"2015-03-02T01:25:06+00:00","article_modified_time":"2018-09-27T14:51:07+00:00","og_image":[{"width":822,"height":584,"url":"https:\/\/bodegagarzon.com\/wp-content\/uploads\/2018\/08\/produccion-en-Uruguay.jpg","type":"image\/jpeg"}],"twitter_card":"summary_large_image","twitter_creator":"@BodegaGarzon","twitter_site":"@BodegaGarzon","twitter_misc":{"Escrito por":"desarrollo","Tiempo de lectura":"4 minutos"},"schema":{"@context":"https:\/\/schema.org","@graph":[{"@type":"WebSite","@id":"https:\/\/bodegagarzon.com\/es\/#website","url":"https:\/\/bodegagarzon.com\/es\/","name":"Bodega Garz\u00f3n","description":"Exclusivos y aut\u00e9nticos vinos uruguayos","potentialAction":[{"@type":"SearchAction","target":{"@type":"EntryPoint","urlTemplate":"https:\/\/bodegagarzon.com\/es\/?s={search_term_string}"},"query-input":"required name=search_term_string"}],"inLanguage":"es"},{"@type":"ImageObject","inLanguage":"es","@id":"https:\/\/bodegagarzon.com\/es\/blog\/10-fiestas-de-la-produccion-en-uruguay\/#primaryimage","url":"https:\/\/bodegagarzon.com\/wp-content\/uploads\/2018\/08\/produccion-en-Uruguay.jpg","contentUrl":"https:\/\/bodegagarzon.com\/wp-content\/uploads\/2018\/08\/produccion-en-Uruguay.jpg","width":822,"height":584},{"@type":"WebPage","@id":"https:\/\/bodegagarzon.com\/es\/blog\/10-fiestas-de-la-produccion-en-uruguay\/#webpage","url":"https:\/\/bodegagarzon.com\/es\/blog\/10-fiestas-de-la-produccion-en-uruguay\/","name":"10 fiestas de la producci\u00f3n en Uruguay","isPartOf":{"@id":"https:\/\/bodegagarzon.com\/es\/#website"},"primaryImageOfPage":{"@id":"https:\/\/bodegagarzon.com\/es\/blog\/10-fiestas-de-la-produccion-en-uruguay\/#primaryimage"},"datePublished":"2015-03-02T01:25:06+00:00","dateModified":"2018-09-27T14:51:07+00:00","author":{"@id":"https:\/\/bodegagarzon.com\/es\/#\/schema\/person\/92c8c63eccf21e735f56d9a9a9ff2f31"},"description":"10 fiestas de la producci\u00f3n en Uruguay","breadcrumb":{"@id":"https:\/\/bodegagarzon.com\/es\/blog\/10-fiestas-de-la-produccion-en-uruguay\/#breadcrumb"},"inLanguage":"es","potentialAction":[{"@type":"ReadAction","target":["https:\/\/bodegagarzon.com\/es\/blog\/10-fiestas-de-la-produccion-en-uruguay\/"]}]},{"@type":"BreadcrumbList","@id":"https:\/\/bodegagarzon.com\/es\/blog\/10-fiestas-de-la-produccion-en-uruguay\/#breadcrumb","itemListElement":[{"@type":"ListItem","position":1,"name":"10 fiestas de la producci\u00f3n en Uruguay"}]},{"@type":"Person","@id":"https:\/\/bodegagarzon.com\/es\/#\/schema\/person\/92c8c63eccf21e735f56d9a9a9ff2f31","name":"desarrollo","image":{"@type":"ImageObject","inLanguage":"es","@id":"https:\/\/bodegagarzon.com\/es\/#\/schema\/person\/image\/","url":"https:\/\/secure.gravatar.com\/avatar\/a0f54ad5bd42ab4629247e2d02b138b6?s=96&d=mm&r=g","contentUrl":"https:\/\/secure.gravatar.com\/avatar\/a0f54ad5bd42ab4629247e2d02b138b6?s=96&d=mm&r=g","caption":"desarrollo"}}]}},"_links":{"self":[{"href":"https:\/\/bodegagarzon.com\/es\/wp-json\/wp\/v2\/posts\/9167"}],"collection":[{"href":"https:\/\/bodegagarzon.com\/es\/wp-json\/wp\/v2\/posts"}],"about":[{"href":"https:\/\/bodegagarzon.com\/es\/wp-json\/wp\/v2\/types\/post"}],"author":[{"embeddable":true,"href":"https:\/\/bodegagarzon.com\/es\/wp-json\/wp\/v2\/users\/1"}],"replies":[{"embeddable":true,"href":"https:\/\/bodegagarzon.com\/es\/wp-json\/wp\/v2\/comments?post=9167"}],"version-history":[{"count":0,"href":"https:\/\/bodegagarzon.com\/es\/wp-json\/wp\/v2\/posts\/9167\/revisions"}],"wp:featuredmedia":[{"embeddable":true,"href":"https:\/\/bodegagarzon.com\/es\/wp-json\/wp\/v2\/media\/10245"}],"wp:attachment":[{"href":"https:\/\/bodegagarzon.com\/es\/wp-json\/wp\/v2\/media?parent=9167"}],"wp:term":[{"taxonomy":"category","embeddable":true,"href":"https:\/\/bodegagarzon.com\/es\/wp-json\/wp\/v2\/categories?post=9167"},{"taxonomy":"post_tag","embeddable":true,"href":"https:\/\/bodegagarzon.com\/es\/wp-json\/wp\/v2\/tags?post=9167"}],"curies":[{"name":"wp","href":"https:\/\/api.w.org\/{rel}","templated":true}]}}