{"id":80543,"date":"2024-01-16T12:46:59","date_gmt":"2024-01-16T15:46:59","guid":{"rendered":"https:\/\/bodegagarzon.com\/?p=80543"},"modified":"2024-01-16T12:47:55","modified_gmt":"2024-01-16T15:47:55","slug":"sunset-en-la-susana","status":"publish","type":"post","link":"\/es\/noticias\/actualidad\/sunset-en-la-susana\/","title":{"rendered":"Sunset en La Susana"},"content":{"rendered":"<p>El pasado mi\u00e9rcoles 3 de enero se celebr\u00f3 una de las cl\u00e1sicas fiestas del verano: el sunset de Bodega Garz\u00f3n en el exclusivo parador del restaurante La Susana en Jos\u00e9 Ignacio. Un evento para celebrar el inicio del nuevo a\u00f1o y la temporada de verano junto a personalidades y amigos.<\/p>\n<p>Desde las 19.00 hs. los invitados comenzaron a llegar y fueron recibidos por una copa de Sparkling Extra Brut Garz\u00f3n para disfrutar de la ca\u00edda del sol junto a una espectacular vista al oc\u00e9ano a orillas del mar. Durante el resto de la noche, los presentes pudieron degustar de una selecci\u00f3n de vinos Garz\u00f3n elegida especialmente para la ocasi\u00f3n como Cabernet Franc Reserva, reconocido por su elegancia, botellas de Magnum Ros\u00e9, fresco y delicado, y Single Vineyard Albari\u00f1o, un cepa que encontr\u00f3 en el terroir de Garz\u00f3n excelentes condiciones para desarrollarse y del cu\u00e1l Garz\u00f3n es el principal productor de toda Am\u00e9rica.<\/p>\n<p>Para acompa\u00f1ar esta selecci\u00f3n de vinos premium, la gastronom\u00eda del restaurante prepar\u00f3 una variedad de tapas y postres.<\/p>\n<p>El encuentro estuvo ambientado por la m\u00fasica del DJ residente de La Susana, Fernando De Leo.<\/p>\n<p><iframe loading=\"lazy\" title=\"Sunset Bodega Garz\u00f3n en La Susana Jos\u00e9 Ignacio\" width=\"1200\" height=\"675\" src=\"https:\/\/www.youtube.com\/embed\/Dxd_1YYlIcI?feature=oembed&#038;enablejsapi=1&#038;origin=https:\/\/bodegagarzon.com\" frameborder=\"0\" allow=\"accelerometer; autoplay; clipboard-write; encrypted-media; gyroscope; picture-in-picture; web-share\" allowfullscreen><\/iframe><\/p>\n","protected":false},"excerpt":{"rendered":"<p>El pasado mi\u00e9rcoles 3 de enero se celebr\u00f3 una de las cl\u00e1sicas fiestas del verano: el sunset de Bodega Garz\u00f3n en el exclusivo parador del restaurante La Susana en Jos\u00e9 Ignacio. Un evento para celebrar el inicio del nuevo a\u00f1o y la temporada de verano junto a personalidades y amigos.<\/p>\n","protected":false},"author":15,"featured_media":80544,"comment_status":"open","ping_status":"closed","sticky":false,"template":"","format":"standard","meta":{"inline_featured_image":false,"generate_page_header":""},"categories":[168],"tags":[],"acf":[],"yoast_head":"<!-- This site is optimized with the Yoast SEO plugin v19.1 - https:\/\/yoast.com\/wordpress\/plugins\/seo\/ -->\n<title>Sunset en La Susana Sunset Bodega Garz\u00f3n<\/title>\n<meta name=\"description\" content=\"Sunset en La Susana en Bodega Garz\u00f3n. Descubre m\u00e1s en nuestra web BodegaGarzon.com\" \/>\n<meta name=\"robots\" content=\"index, follow, max-snippet:-1, max-image-preview:large, max-video-preview:-1\" \/>\n<link rel=\"canonical\" href=\"https:\/\/bodegagarzon.com\/es\/noticias\/actualidad\/sunset-en-la-susana\/\" \/>\n<meta property=\"og:locale\" content=\"es_ES\" \/>\n<meta property=\"og:type\" content=\"article\" \/>\n<meta property=\"og:title\" content=\"Sunset en La Susana Sunset Bodega Garz\u00f3n\" \/>\n<meta property=\"og:description\" content=\"Sunset en La Susana en Bodega Garz\u00f3n. Descubre m\u00e1s en nuestra web BodegaGarzon.com\" \/>\n<meta property=\"og:url\" content=\"\/es\/noticias\/actualidad\/sunset-en-la-susana\/\" \/>\n<meta property=\"og:site_name\" content=\"Bodega Garz\u00f3n\" \/>\n<meta property=\"article:publisher\" content=\"https:\/\/www.facebook.com\/ExperienciasGarzon\/\" \/>\n<meta property=\"article:published_time\" content=\"2024-01-16T15:46:59+00:00\" \/>\n<meta property=\"article:modified_time\" content=\"2024-01-16T15:47:55+00:00\" \/>\n<meta property=\"og:image\" content=\"https:\/\/bodegagarzon.com\/wp-content\/uploads\/2024\/01\/Captura-de-pantalla-2024-01-16-a-las-12.46.26.png\" \/>\n\t<meta property=\"og:image:width\" content=\"897\" \/>\n\t<meta property=\"og:image:height\" content=\"580\" \/>\n\t<meta property=\"og:image:type\" content=\"image\/png\" \/>\n<meta name=\"twitter:card\" content=\"summary_large_image\" \/>\n<meta name=\"twitter:creator\" content=\"@BodegaGarzon\" \/>\n<meta name=\"twitter:site\" content=\"@BodegaGarzon\" \/>\n<meta name=\"twitter:label1\" content=\"Escrito por\" \/>\n\t<meta name=\"twitter:data1\" content=\"Mat\u00edas Guerreros\" \/>\n\t<meta name=\"twitter:label2\" content=\"Tiempo de lectura\" \/>\n\t<meta name=\"twitter:data2\" content=\"1 minuto\" \/>\n<script type=\"application\/ld+json\" class=\"yoast-schema-graph\">{\"@context\":\"https:\/\/schema.org\",\"@graph\":[{\"@type\":\"WebSite\",\"@id\":\"https:\/\/bodegagarzon.com\/es\/#website\",\"url\":\"https:\/\/bodegagarzon.com\/es\/\",\"name\":\"Bodega Garz\u00f3n\",\"description\":\"Exclusivos y aut\u00e9nticos vinos uruguayos\",\"potentialAction\":[{\"@type\":\"SearchAction\",\"target\":{\"@type\":\"EntryPoint\",\"urlTemplate\":\"https:\/\/bodegagarzon.com\/es\/?s={search_term_string}\"},\"query-input\":\"required name=search_term_string\"}],\"inLanguage\":\"es\"},{\"@type\":\"ImageObject\",\"inLanguage\":\"es\",\"@id\":\"https:\/\/bodegagarzon.com\/es\/noticias\/actualidad\/sunset-en-la-susana\/#primaryimage\",\"url\":\"https:\/\/bodegagarzon.com\/wp-content\/uploads\/2024\/01\/Captura-de-pantalla-2024-01-16-a-las-12.46.26.png\",\"contentUrl\":\"https:\/\/bodegagarzon.com\/wp-content\/uploads\/2024\/01\/Captura-de-pantalla-2024-01-16-a-las-12.46.26.png\",\"width\":897,\"height\":580,\"caption\":\"sunset\"},{\"@type\":\"WebPage\",\"@id\":\"https:\/\/bodegagarzon.com\/es\/noticias\/actualidad\/sunset-en-la-susana\/#webpage\",\"url\":\"https:\/\/bodegagarzon.com\/es\/noticias\/actualidad\/sunset-en-la-susana\/\",\"name\":\"Sunset en La Susana Sunset Bodega Garz\u00f3n\",\"isPartOf\":{\"@id\":\"https:\/\/bodegagarzon.com\/es\/#website\"},\"primaryImageOfPage\":{\"@id\":\"https:\/\/bodegagarzon.com\/es\/noticias\/actualidad\/sunset-en-la-susana\/#primaryimage\"},\"datePublished\":\"2024-01-16T15:46:59+00:00\",\"dateModified\":\"2024-01-16T15:47:55+00:00\",\"author\":{\"@id\":\"https:\/\/bodegagarzon.com\/es\/#\/schema\/person\/5374fa733cac68c9449d39f8ab9b9e53\"},\"description\":\"Sunset en La Susana en Bodega Garz\u00f3n. Descubre m\u00e1s en nuestra web BodegaGarzon.com\",\"breadcrumb\":{\"@id\":\"https:\/\/bodegagarzon.com\/es\/noticias\/actualidad\/sunset-en-la-susana\/#breadcrumb\"},\"inLanguage\":\"es\",\"potentialAction\":[{\"@type\":\"ReadAction\",\"target\":[\"https:\/\/bodegagarzon.com\/es\/noticias\/actualidad\/sunset-en-la-susana\/\"]}]},{\"@type\":\"BreadcrumbList\",\"@id\":\"https:\/\/bodegagarzon.com\/es\/noticias\/actualidad\/sunset-en-la-susana\/#breadcrumb\",\"itemListElement\":[{\"@type\":\"ListItem\",\"position\":1,\"name\":\"Sunset en La Susana\"}]},{\"@type\":\"Person\",\"@id\":\"https:\/\/bodegagarzon.com\/es\/#\/schema\/person\/5374fa733cac68c9449d39f8ab9b9e53\",\"name\":\"Mat\u00edas Guerreros\",\"image\":{\"@type\":\"ImageObject\",\"inLanguage\":\"es\",\"@id\":\"https:\/\/bodegagarzon.com\/es\/#\/schema\/person\/image\/\",\"url\":\"https:\/\/secure.gravatar.com\/avatar\/8e66c3de37c23832002fd9204bf4199f?s=96&d=mm&r=g\",\"contentUrl\":\"https:\/\/secure.gravatar.com\/avatar\/8e66c3de37c23832002fd9204bf4199f?s=96&d=mm&r=g\",\"caption\":\"Mat\u00edas Guerreros\"}}]}<\/script>\n<!-- \/ Yoast SEO plugin. -->","yoast_head_json":{"title":"Sunset en La Susana Sunset Bodega Garz\u00f3n","description":"Sunset en La Susana en Bodega Garz\u00f3n. Descubre m\u00e1s en nuestra web BodegaGarzon.com","robots":{"index":"index","follow":"follow","max-snippet":"max-snippet:-1","max-image-preview":"max-image-preview:large","max-video-preview":"max-video-preview:-1"},"canonical":"https:\/\/bodegagarzon.com\/es\/noticias\/actualidad\/sunset-en-la-susana\/","og_locale":"es_ES","og_type":"article","og_title":"Sunset en La Susana Sunset Bodega Garz\u00f3n","og_description":"Sunset en La Susana en Bodega Garz\u00f3n. Descubre m\u00e1s en nuestra web BodegaGarzon.com","og_url":"\/es\/noticias\/actualidad\/sunset-en-la-susana\/","og_site_name":"Bodega Garz\u00f3n","article_publisher":"https:\/\/www.facebook.com\/ExperienciasGarzon\/","article_published_time":"2024-01-16T15:46:59+00:00","article_modified_time":"2024-01-16T15:47:55+00:00","og_image":[{"width":897,"height":580,"url":"https:\/\/bodegagarzon.com\/wp-content\/uploads\/2024\/01\/Captura-de-pantalla-2024-01-16-a-las-12.46.26.png","type":"image\/png"}],"twitter_card":"summary_large_image","twitter_creator":"@BodegaGarzon","twitter_site":"@BodegaGarzon","twitter_misc":{"Escrito por":"Mat\u00edas Guerreros","Tiempo de lectura":"1 minuto"},"schema":{"@context":"https:\/\/schema.org","@graph":[{"@type":"WebSite","@id":"https:\/\/bodegagarzon.com\/es\/#website","url":"https:\/\/bodegagarzon.com\/es\/","name":"Bodega Garz\u00f3n","description":"Exclusivos y aut\u00e9nticos vinos uruguayos","potentialAction":[{"@type":"SearchAction","target":{"@type":"EntryPoint","urlTemplate":"https:\/\/bodegagarzon.com\/es\/?s={search_term_string}"},"query-input":"required name=search_term_string"}],"inLanguage":"es"},{"@type":"ImageObject","inLanguage":"es","@id":"https:\/\/bodegagarzon.com\/es\/noticias\/actualidad\/sunset-en-la-susana\/#primaryimage","url":"https:\/\/bodegagarzon.com\/wp-content\/uploads\/2024\/01\/Captura-de-pantalla-2024-01-16-a-las-12.46.26.png","contentUrl":"https:\/\/bodegagarzon.com\/wp-content\/uploads\/2024\/01\/Captura-de-pantalla-2024-01-16-a-las-12.46.26.png","width":897,"height":580,"caption":"sunset"},{"@type":"WebPage","@id":"https:\/\/bodegagarzon.com\/es\/noticias\/actualidad\/sunset-en-la-susana\/#webpage","url":"https:\/\/bodegagarzon.com\/es\/noticias\/actualidad\/sunset-en-la-susana\/","name":"Sunset en La Susana Sunset Bodega Garz\u00f3n","isPartOf":{"@id":"https:\/\/bodegagarzon.com\/es\/#website"},"primaryImageOfPage":{"@id":"https:\/\/bodegagarzon.com\/es\/noticias\/actualidad\/sunset-en-la-susana\/#primaryimage"},"datePublished":"2024-01-16T15:46:59+00:00","dateModified":"2024-01-16T15:47:55+00:00","author":{"@id":"https:\/\/bodegagarzon.com\/es\/#\/schema\/person\/5374fa733cac68c9449d39f8ab9b9e53"},"description":"Sunset en La Susana en Bodega Garz\u00f3n. Descubre m\u00e1s en nuestra web BodegaGarzon.com","breadcrumb":{"@id":"https:\/\/bodegagarzon.com\/es\/noticias\/actualidad\/sunset-en-la-susana\/#breadcrumb"},"inLanguage":"es","potentialAction":[{"@type":"ReadAction","target":["https:\/\/bodegagarzon.com\/es\/noticias\/actualidad\/sunset-en-la-susana\/"]}]},{"@type":"BreadcrumbList","@id":"https:\/\/bodegagarzon.com\/es\/noticias\/actualidad\/sunset-en-la-susana\/#breadcrumb","itemListElement":[{"@type":"ListItem","position":1,"name":"Sunset en La Susana"}]},{"@type":"Person","@id":"https:\/\/bodegagarzon.com\/es\/#\/schema\/person\/5374fa733cac68c9449d39f8ab9b9e53","name":"Mat\u00edas Guerreros","image":{"@type":"ImageObject","inLanguage":"es","@id":"https:\/\/bodegagarzon.com\/es\/#\/schema\/person\/image\/","url":"https:\/\/secure.gravatar.com\/avatar\/8e66c3de37c23832002fd9204bf4199f?s=96&d=mm&r=g","contentUrl":"https:\/\/secure.gravatar.com\/avatar\/8e66c3de37c23832002fd9204bf4199f?s=96&d=mm&r=g","caption":"Mat\u00edas Guerreros"}}]}},"_links":{"self":[{"href":"https:\/\/bodegagarzon.com\/es\/wp-json\/wp\/v2\/posts\/80543"}],"collection":[{"href":"https:\/\/bodegagarzon.com\/es\/wp-json\/wp\/v2\/posts"}],"about":[{"href":"https:\/\/bodegagarzon.com\/es\/wp-json\/wp\/v2\/types\/post"}],"author":[{"embeddable":true,"href":"https:\/\/bodegagarzon.com\/es\/wp-json\/wp\/v2\/users\/15"}],"replies":[{"embeddable":true,"href":"https:\/\/bodegagarzon.com\/es\/wp-json\/wp\/v2\/comments?post=80543"}],"version-history":[{"count":2,"href":"https:\/\/bodegagarzon.com\/es\/wp-json\/wp\/v2\/posts\/80543\/revisions"}],"predecessor-version":[{"id":80549,"href":"https:\/\/bodegagarzon.com\/es\/wp-json\/wp\/v2\/posts\/80543\/revisions\/80549"}],"wp:featuredmedia":[{"embeddable":true,"href":"https:\/\/bodegagarzon.com\/es\/wp-json\/wp\/v2\/media\/80544"}],"wp:attachment":[{"href":"https:\/\/bodegagarzon.com\/es\/wp-json\/wp\/v2\/media?parent=80543"}],"wp:term":[{"taxonomy":"category","embeddable":true,"href":"https:\/\/bodegagarzon.com\/es\/wp-json\/wp\/v2\/categories?post=80543"},{"taxonomy":"post_tag","embeddable":true,"href":"https:\/\/bodegagarzon.com\/es\/wp-json\/wp\/v2\/tags?post=80543"}],"curies":[{"name":"wp","href":"https:\/\/api.w.org\/{rel}","templated":true}]}}