{"id":73655,"date":"2023-03-07T11:14:37","date_gmt":"2023-03-07T14:14:37","guid":{"rendered":"https:\/\/bodegagarzon.com\/?p=73655"},"modified":"2023-03-07T13:38:35","modified_gmt":"2023-03-07T16:38:35","slug":"fiesta-de-la-vendimia-2023","status":"publish","type":"post","link":"\/es\/noticias\/actualidad\/fiesta-de-la-vendimia-2023\/","title":{"rendered":"Fiesta de la Vendimia 2023"},"content":{"rendered":"<p>Bodega Garz\u00f3n celebr\u00f3 la Fiesta de la Vendimia, el evento m\u00e1s importante del a\u00f1o que se ha transformado en un cl\u00e1sico de cada temporada en Garz\u00f3n.<\/p>\n<p>El pasado s\u00e1bado 4 de marzo, Bodega Garz\u00f3n volvi\u00f3 a festejar una nueva vendimia en su vi\u00f1a con la presencia de m\u00e1s de 350 personas.<\/p>\n<p>Este gran evento comenz\u00f3 con una recepci\u00f3n de los invitados en la bodega, quienes pudieron recorrerla y conocer de primera mano el proceso de elaboraci\u00f3n de estos finos vinos junto a Germ\u00e1n Bruzzone, En\u00f3logo, responsable de bodega y vi\u00f1edo. Un proceso que se realiza con los m\u00e1s altos est\u00e1ndares de calidad y con innovaci\u00f3n aplicada para el cuidado y eficiencia de los recursos energ\u00e9ticos.<\/p>\n<p>Bodega Garz\u00f3n es la primera bodega del mundo en obtener la certificaci\u00f3n LEED por su dise\u00f1o 100% sustentable para todas sus instalaciones y funcionalidades.<\/p>\n<p>Luego, los invitados llegaron a la vi\u00f1a donde una gran mesa los esperaba para disfrutar de un almuerzo con distintas estaciones de fuegos y un men\u00fa preparado especialmente por Francis Mallmann, director culinario del restaurante de Bodega Garz\u00f3n, y su equipo. El almuerzo cont\u00f3 con una gran variedad de carnes rojas, blancas y verduras de estaci\u00f3n y estuvo acompa\u00f1ado por una selecci\u00f3n especial de vinos: Magnum Tannat Single Vineyard 2016, Magnum Cabernet Franc Petit Clos 2016, Magnum Albari\u00f1o Single Vineyard 2022, Magnum Pinot Noir Ros\u00e9 2022 y Sauvignon Blanc Reserva 2022.<\/p>\n<p>Adem\u00e1s, los invitados pudieron disfrutar al final del almuerzo de una edici\u00f3n especial en formato Imperial (6 lts.) de Balasto 2018, uno de los Grands Vins du Monde.<br \/>\nLa fiesta continu\u00f3 hasta la puesta de sol, con m\u00fasica en vivo, dj, la intervenci\u00f3n en una barrica por parte de un artista y la experiencia de cosecha donde todos los invitados pudieron recolectar uvas a mano en este entorno natural \u00fanico y privilegiado como lo es Garz\u00f3n.<\/p>\n<p>El evento cont\u00f3 con la presencia del Ing. Alejandro P. Bulgheroni y su familia, propietarios de Bodega Garz\u00f3n y Alberto Antonini, en\u00f3logo asesor del proyecto y uno de los m\u00e1s reconocidos del mundo.<\/p>\n<p>Una gran fiesta con lo mejor de la cocina de fuegos, el vino, m\u00fasica, naturaleza y la magia de Bodega Garz\u00f3n.<\/p>\n<p>Una experiencia inolvidable para la gran vendimia 2023.<\/p>\n<p><iframe loading=\"lazy\" title=\"Fiesta de la Vendimia 2023.\" width=\"1200\" height=\"675\" src=\"https:\/\/www.youtube.com\/embed\/-Aqp78RbI9c?feature=oembed&#038;enablejsapi=1&#038;origin=https:\/\/bodegagarzon.com\" frameborder=\"0\" allow=\"accelerometer; autoplay; clipboard-write; encrypted-media; gyroscope; picture-in-picture; web-share\" allowfullscreen><\/iframe><\/p>\n<p>&nbsp;<\/p>\n<p><img loading=\"lazy\" class=\"alignnone size-medium wp-image-73665\" src=\"https:\/\/bodegagarzon.com\/wp-content\/uploads\/2023\/03\/WhatsApp-Image-2023-03-07-at-10.44.54-300x200.jpeg\" alt=\"\" width=\"300\" height=\"200\" srcset=\"https:\/\/bodegagarzon.com\/wp-content\/uploads\/2023\/03\/WhatsApp-Image-2023-03-07-at-10.44.54-300x200.jpeg 300w, https:\/\/bodegagarzon.com\/wp-content\/uploads\/2023\/03\/WhatsApp-Image-2023-03-07-at-10.44.54-1024x683.jpeg 1024w, https:\/\/bodegagarzon.com\/wp-content\/uploads\/2023\/03\/WhatsApp-Image-2023-03-07-at-10.44.54-768x512.jpeg 768w, https:\/\/bodegagarzon.com\/wp-content\/uploads\/2023\/03\/WhatsApp-Image-2023-03-07-at-10.44.54-1536x1025.jpeg 1536w, https:\/\/bodegagarzon.com\/wp-content\/uploads\/2023\/03\/WhatsApp-Image-2023-03-07-at-10.44.54-600x400.jpeg 600w, https:\/\/bodegagarzon.com\/wp-content\/uploads\/2023\/03\/WhatsApp-Image-2023-03-07-at-10.44.54.jpeg 2048w\" sizes=\"(max-width: 300px) 100vw, 300px\" \/><\/p>\n<p><img loading=\"lazy\" class=\"alignnone size-medium wp-image-73662\" src=\"https:\/\/bodegagarzon.com\/wp-content\/uploads\/2023\/03\/WhatsApp-Image-2023-03-07-at-10.44.54-1-300x200.jpeg\" alt=\"\" width=\"300\" height=\"200\" srcset=\"https:\/\/bodegagarzon.com\/wp-content\/uploads\/2023\/03\/WhatsApp-Image-2023-03-07-at-10.44.54-1-300x200.jpeg 300w, https:\/\/bodegagarzon.com\/wp-content\/uploads\/2023\/03\/WhatsApp-Image-2023-03-07-at-10.44.54-1-1024x684.jpeg 1024w, https:\/\/bodegagarzon.com\/wp-content\/uploads\/2023\/03\/WhatsApp-Image-2023-03-07-at-10.44.54-1-768x513.jpeg 768w, https:\/\/bodegagarzon.com\/wp-content\/uploads\/2023\/03\/WhatsApp-Image-2023-03-07-at-10.44.54-1-1536x1026.jpeg 1536w, https:\/\/bodegagarzon.com\/wp-content\/uploads\/2023\/03\/WhatsApp-Image-2023-03-07-at-10.44.54-1-600x401.jpeg 600w, https:\/\/bodegagarzon.com\/wp-content\/uploads\/2023\/03\/WhatsApp-Image-2023-03-07-at-10.44.54-1.jpeg 2048w\" sizes=\"(max-width: 300px) 100vw, 300px\" \/><\/p>\n<p><img loading=\"lazy\" class=\"alignnone size-medium wp-image-73659\" src=\"https:\/\/bodegagarzon.com\/wp-content\/uploads\/2023\/03\/WhatsApp-Image-2023-03-07-at-10.44.52-300x169.jpeg\" alt=\"\" width=\"300\" height=\"169\" srcset=\"https:\/\/bodegagarzon.com\/wp-content\/uploads\/2023\/03\/WhatsApp-Image-2023-03-07-at-10.44.52-300x169.jpeg 300w, https:\/\/bodegagarzon.com\/wp-content\/uploads\/2023\/03\/WhatsApp-Image-2023-03-07-at-10.44.52-1024x576.jpeg 1024w, https:\/\/bodegagarzon.com\/wp-content\/uploads\/2023\/03\/WhatsApp-Image-2023-03-07-at-10.44.52-768x432.jpeg 768w, https:\/\/bodegagarzon.com\/wp-content\/uploads\/2023\/03\/WhatsApp-Image-2023-03-07-at-10.44.52-1536x864.jpeg 1536w, https:\/\/bodegagarzon.com\/wp-content\/uploads\/2023\/03\/WhatsApp-Image-2023-03-07-at-10.44.52-600x338.jpeg 600w, https:\/\/bodegagarzon.com\/wp-content\/uploads\/2023\/03\/WhatsApp-Image-2023-03-07-at-10.44.52.jpeg 2048w\" sizes=\"(max-width: 300px) 100vw, 300px\" \/><\/p>\n<p><img loading=\"lazy\" class=\"alignnone size-medium wp-image-73674\" src=\"https:\/\/bodegagarzon.com\/wp-content\/uploads\/2023\/03\/Copia-de-WhatsApp-Image-2023-03-07-at-10.44.53-300x200.jpeg\" alt=\"\" width=\"300\" height=\"200\" srcset=\"https:\/\/bodegagarzon.com\/wp-content\/uploads\/2023\/03\/Copia-de-WhatsApp-Image-2023-03-07-at-10.44.53-300x200.jpeg 300w, https:\/\/bodegagarzon.com\/wp-content\/uploads\/2023\/03\/Copia-de-WhatsApp-Image-2023-03-07-at-10.44.53-1024x683.jpeg 1024w, https:\/\/bodegagarzon.com\/wp-content\/uploads\/2023\/03\/Copia-de-WhatsApp-Image-2023-03-07-at-10.44.53-768x512.jpeg 768w, https:\/\/bodegagarzon.com\/wp-content\/uploads\/2023\/03\/Copia-de-WhatsApp-Image-2023-03-07-at-10.44.53-1536x1025.jpeg 1536w, https:\/\/bodegagarzon.com\/wp-content\/uploads\/2023\/03\/Copia-de-WhatsApp-Image-2023-03-07-at-10.44.53-600x400.jpeg 600w, https:\/\/bodegagarzon.com\/wp-content\/uploads\/2023\/03\/Copia-de-WhatsApp-Image-2023-03-07-at-10.44.53.jpeg 2048w\" sizes=\"(max-width: 300px) 100vw, 300px\" \/><\/p>\n","protected":false},"excerpt":{"rendered":"<p>Bodega Garz\u00f3n celebr\u00f3 la Fiesta de la Vendimia, el evento m\u00e1s importante del a\u00f1o que se ha transformado en un cl\u00e1sico de cada temporada en Garz\u00f3n.<\/p>\n","protected":false},"author":15,"featured_media":73671,"comment_status":"open","ping_status":"closed","sticky":false,"template":"","format":"standard","meta":{"inline_featured_image":false,"generate_page_header":""},"categories":[168],"tags":[],"acf":[],"yoast_head":"<!-- This site is optimized with the Yoast SEO plugin v19.1 - https:\/\/yoast.com\/wordpress\/plugins\/seo\/ -->\n<title>Fiesta de la Vendimia 2023 Fiesta de la Vendimia 2023<\/title>\n<meta name=\"description\" content=\"Fiesta de la Vendimia 2023 en Bodega Garz\u00f3n. Descubre m\u00e1s en nuestra web BodegaGarzon.com\" \/>\n<meta name=\"robots\" content=\"index, follow, max-snippet:-1, max-image-preview:large, max-video-preview:-1\" \/>\n<link rel=\"canonical\" href=\"https:\/\/bodegagarzon.com\/es\/noticias\/actualidad\/fiesta-de-la-vendimia-2023\/\" \/>\n<meta property=\"og:locale\" content=\"es_ES\" \/>\n<meta property=\"og:type\" content=\"article\" \/>\n<meta property=\"og:title\" content=\"Fiesta de la Vendimia 2023 Fiesta de la Vendimia 2023\" \/>\n<meta property=\"og:description\" content=\"Fiesta de la Vendimia 2023 en Bodega Garz\u00f3n. Descubre m\u00e1s en nuestra web BodegaGarzon.com\" \/>\n<meta property=\"og:url\" content=\"\/es\/noticias\/actualidad\/fiesta-de-la-vendimia-2023\/\" \/>\n<meta property=\"og:site_name\" content=\"Bodega Garz\u00f3n\" \/>\n<meta property=\"article:publisher\" content=\"https:\/\/www.facebook.com\/ExperienciasGarzon\/\" \/>\n<meta property=\"article:published_time\" content=\"2023-03-07T14:14:37+00:00\" \/>\n<meta property=\"article:modified_time\" content=\"2023-03-07T16:38:35+00:00\" \/>\n<meta property=\"og:image\" content=\"https:\/\/bodegagarzon.com\/wp-content\/uploads\/2023\/03\/WhatsApp-Image-2023-03-07-at-10.44.51.jpeg\" \/>\n\t<meta property=\"og:image:width\" content=\"2048\" \/>\n\t<meta property=\"og:image:height\" content=\"1366\" \/>\n\t<meta property=\"og:image:type\" content=\"image\/jpeg\" \/>\n<meta name=\"twitter:card\" content=\"summary_large_image\" \/>\n<meta name=\"twitter:creator\" content=\"@BodegaGarzon\" \/>\n<meta name=\"twitter:site\" content=\"@BodegaGarzon\" \/>\n<meta name=\"twitter:label1\" content=\"Escrito por\" \/>\n\t<meta name=\"twitter:data1\" content=\"Mat\u00edas Guerreros\" \/>\n\t<meta name=\"twitter:label2\" content=\"Tiempo de lectura\" \/>\n\t<meta name=\"twitter:data2\" content=\"3 minutos\" \/>\n<script type=\"application\/ld+json\" class=\"yoast-schema-graph\">{\"@context\":\"https:\/\/schema.org\",\"@graph\":[{\"@type\":\"WebSite\",\"@id\":\"https:\/\/bodegagarzon.com\/es\/#website\",\"url\":\"https:\/\/bodegagarzon.com\/es\/\",\"name\":\"Bodega Garz\u00f3n\",\"description\":\"Exclusivos y aut\u00e9nticos vinos uruguayos\",\"potentialAction\":[{\"@type\":\"SearchAction\",\"target\":{\"@type\":\"EntryPoint\",\"urlTemplate\":\"https:\/\/bodegagarzon.com\/es\/?s={search_term_string}\"},\"query-input\":\"required name=search_term_string\"}],\"inLanguage\":\"es\"},{\"@type\":\"ImageObject\",\"inLanguage\":\"es\",\"@id\":\"https:\/\/bodegagarzon.com\/es\/noticias\/actualidad\/fiesta-de-la-vendimia-2023\/#primaryimage\",\"url\":\"https:\/\/bodegagarzon.com\/wp-content\/uploads\/2023\/03\/WhatsApp-Image-2023-03-07-at-10.44.51.jpeg\",\"contentUrl\":\"https:\/\/bodegagarzon.com\/wp-content\/uploads\/2023\/03\/WhatsApp-Image-2023-03-07-at-10.44.51.jpeg\",\"width\":2048,\"height\":1366},{\"@type\":\"WebPage\",\"@id\":\"https:\/\/bodegagarzon.com\/es\/noticias\/actualidad\/fiesta-de-la-vendimia-2023\/#webpage\",\"url\":\"https:\/\/bodegagarzon.com\/es\/noticias\/actualidad\/fiesta-de-la-vendimia-2023\/\",\"name\":\"Fiesta de la Vendimia 2023 Fiesta de la Vendimia 2023\",\"isPartOf\":{\"@id\":\"https:\/\/bodegagarzon.com\/es\/#website\"},\"primaryImageOfPage\":{\"@id\":\"https:\/\/bodegagarzon.com\/es\/noticias\/actualidad\/fiesta-de-la-vendimia-2023\/#primaryimage\"},\"datePublished\":\"2023-03-07T14:14:37+00:00\",\"dateModified\":\"2023-03-07T16:38:35+00:00\",\"author\":{\"@id\":\"https:\/\/bodegagarzon.com\/es\/#\/schema\/person\/5374fa733cac68c9449d39f8ab9b9e53\"},\"description\":\"Fiesta de la Vendimia 2023 en Bodega Garz\u00f3n. Descubre m\u00e1s en nuestra web BodegaGarzon.com\",\"breadcrumb\":{\"@id\":\"https:\/\/bodegagarzon.com\/es\/noticias\/actualidad\/fiesta-de-la-vendimia-2023\/#breadcrumb\"},\"inLanguage\":\"es\",\"potentialAction\":[{\"@type\":\"ReadAction\",\"target\":[\"https:\/\/bodegagarzon.com\/es\/noticias\/actualidad\/fiesta-de-la-vendimia-2023\/\"]}]},{\"@type\":\"BreadcrumbList\",\"@id\":\"https:\/\/bodegagarzon.com\/es\/noticias\/actualidad\/fiesta-de-la-vendimia-2023\/#breadcrumb\",\"itemListElement\":[{\"@type\":\"ListItem\",\"position\":1,\"name\":\"Fiesta de la Vendimia 2023\"}]},{\"@type\":\"Person\",\"@id\":\"https:\/\/bodegagarzon.com\/es\/#\/schema\/person\/5374fa733cac68c9449d39f8ab9b9e53\",\"name\":\"Mat\u00edas Guerreros\",\"image\":{\"@type\":\"ImageObject\",\"inLanguage\":\"es\",\"@id\":\"https:\/\/bodegagarzon.com\/es\/#\/schema\/person\/image\/\",\"url\":\"https:\/\/secure.gravatar.com\/avatar\/8e66c3de37c23832002fd9204bf4199f?s=96&d=mm&r=g\",\"contentUrl\":\"https:\/\/secure.gravatar.com\/avatar\/8e66c3de37c23832002fd9204bf4199f?s=96&d=mm&r=g\",\"caption\":\"Mat\u00edas Guerreros\"}}]}<\/script>\n<!-- \/ Yoast SEO plugin. -->","yoast_head_json":{"title":"Fiesta de la Vendimia 2023 Fiesta de la Vendimia 2023","description":"Fiesta de la Vendimia 2023 en Bodega Garz\u00f3n. Descubre m\u00e1s en nuestra web BodegaGarzon.com","robots":{"index":"index","follow":"follow","max-snippet":"max-snippet:-1","max-image-preview":"max-image-preview:large","max-video-preview":"max-video-preview:-1"},"canonical":"https:\/\/bodegagarzon.com\/es\/noticias\/actualidad\/fiesta-de-la-vendimia-2023\/","og_locale":"es_ES","og_type":"article","og_title":"Fiesta de la Vendimia 2023 Fiesta de la Vendimia 2023","og_description":"Fiesta de la Vendimia 2023 en Bodega Garz\u00f3n. Descubre m\u00e1s en nuestra web BodegaGarzon.com","og_url":"\/es\/noticias\/actualidad\/fiesta-de-la-vendimia-2023\/","og_site_name":"Bodega Garz\u00f3n","article_publisher":"https:\/\/www.facebook.com\/ExperienciasGarzon\/","article_published_time":"2023-03-07T14:14:37+00:00","article_modified_time":"2023-03-07T16:38:35+00:00","og_image":[{"width":2048,"height":1366,"url":"https:\/\/bodegagarzon.com\/wp-content\/uploads\/2023\/03\/WhatsApp-Image-2023-03-07-at-10.44.51.jpeg","type":"image\/jpeg"}],"twitter_card":"summary_large_image","twitter_creator":"@BodegaGarzon","twitter_site":"@BodegaGarzon","twitter_misc":{"Escrito por":"Mat\u00edas Guerreros","Tiempo de lectura":"3 minutos"},"schema":{"@context":"https:\/\/schema.org","@graph":[{"@type":"WebSite","@id":"https:\/\/bodegagarzon.com\/es\/#website","url":"https:\/\/bodegagarzon.com\/es\/","name":"Bodega Garz\u00f3n","description":"Exclusivos y aut\u00e9nticos vinos uruguayos","potentialAction":[{"@type":"SearchAction","target":{"@type":"EntryPoint","urlTemplate":"https:\/\/bodegagarzon.com\/es\/?s={search_term_string}"},"query-input":"required name=search_term_string"}],"inLanguage":"es"},{"@type":"ImageObject","inLanguage":"es","@id":"https:\/\/bodegagarzon.com\/es\/noticias\/actualidad\/fiesta-de-la-vendimia-2023\/#primaryimage","url":"https:\/\/bodegagarzon.com\/wp-content\/uploads\/2023\/03\/WhatsApp-Image-2023-03-07-at-10.44.51.jpeg","contentUrl":"https:\/\/bodegagarzon.com\/wp-content\/uploads\/2023\/03\/WhatsApp-Image-2023-03-07-at-10.44.51.jpeg","width":2048,"height":1366},{"@type":"WebPage","@id":"https:\/\/bodegagarzon.com\/es\/noticias\/actualidad\/fiesta-de-la-vendimia-2023\/#webpage","url":"https:\/\/bodegagarzon.com\/es\/noticias\/actualidad\/fiesta-de-la-vendimia-2023\/","name":"Fiesta de la Vendimia 2023 Fiesta de la Vendimia 2023","isPartOf":{"@id":"https:\/\/bodegagarzon.com\/es\/#website"},"primaryImageOfPage":{"@id":"https:\/\/bodegagarzon.com\/es\/noticias\/actualidad\/fiesta-de-la-vendimia-2023\/#primaryimage"},"datePublished":"2023-03-07T14:14:37+00:00","dateModified":"2023-03-07T16:38:35+00:00","author":{"@id":"https:\/\/bodegagarzon.com\/es\/#\/schema\/person\/5374fa733cac68c9449d39f8ab9b9e53"},"description":"Fiesta de la Vendimia 2023 en Bodega Garz\u00f3n. Descubre m\u00e1s en nuestra web BodegaGarzon.com","breadcrumb":{"@id":"https:\/\/bodegagarzon.com\/es\/noticias\/actualidad\/fiesta-de-la-vendimia-2023\/#breadcrumb"},"inLanguage":"es","potentialAction":[{"@type":"ReadAction","target":["https:\/\/bodegagarzon.com\/es\/noticias\/actualidad\/fiesta-de-la-vendimia-2023\/"]}]},{"@type":"BreadcrumbList","@id":"https:\/\/bodegagarzon.com\/es\/noticias\/actualidad\/fiesta-de-la-vendimia-2023\/#breadcrumb","itemListElement":[{"@type":"ListItem","position":1,"name":"Fiesta de la Vendimia 2023"}]},{"@type":"Person","@id":"https:\/\/bodegagarzon.com\/es\/#\/schema\/person\/5374fa733cac68c9449d39f8ab9b9e53","name":"Mat\u00edas Guerreros","image":{"@type":"ImageObject","inLanguage":"es","@id":"https:\/\/bodegagarzon.com\/es\/#\/schema\/person\/image\/","url":"https:\/\/secure.gravatar.com\/avatar\/8e66c3de37c23832002fd9204bf4199f?s=96&d=mm&r=g","contentUrl":"https:\/\/secure.gravatar.com\/avatar\/8e66c3de37c23832002fd9204bf4199f?s=96&d=mm&r=g","caption":"Mat\u00edas Guerreros"}}]}},"_links":{"self":[{"href":"https:\/\/bodegagarzon.com\/es\/wp-json\/wp\/v2\/posts\/73655"}],"collection":[{"href":"https:\/\/bodegagarzon.com\/es\/wp-json\/wp\/v2\/posts"}],"about":[{"href":"https:\/\/bodegagarzon.com\/es\/wp-json\/wp\/v2\/types\/post"}],"author":[{"embeddable":true,"href":"https:\/\/bodegagarzon.com\/es\/wp-json\/wp\/v2\/users\/15"}],"replies":[{"embeddable":true,"href":"https:\/\/bodegagarzon.com\/es\/wp-json\/wp\/v2\/comments?post=73655"}],"version-history":[{"count":2,"href":"https:\/\/bodegagarzon.com\/es\/wp-json\/wp\/v2\/posts\/73655\/revisions"}],"predecessor-version":[{"id":73683,"href":"https:\/\/bodegagarzon.com\/es\/wp-json\/wp\/v2\/posts\/73655\/revisions\/73683"}],"wp:featuredmedia":[{"embeddable":true,"href":"https:\/\/bodegagarzon.com\/es\/wp-json\/wp\/v2\/media\/73671"}],"wp:attachment":[{"href":"https:\/\/bodegagarzon.com\/es\/wp-json\/wp\/v2\/media?parent=73655"}],"wp:term":[{"taxonomy":"category","embeddable":true,"href":"https:\/\/bodegagarzon.com\/es\/wp-json\/wp\/v2\/categories?post=73655"},{"taxonomy":"post_tag","embeddable":true,"href":"https:\/\/bodegagarzon.com\/es\/wp-json\/wp\/v2\/tags?post=73655"}],"curies":[{"name":"wp","href":"https:\/\/api.w.org\/{rel}","templated":true}]}}