{"id":61864,"date":"2021-10-13T14:18:44","date_gmt":"2021-10-13T17:18:44","guid":{"rendered":"https:\/\/bodegagarzon.com\/?p=61864"},"modified":"2021-10-13T14:18:44","modified_gmt":"2021-10-13T17:18:44","slug":"prowine-sao-paulo","status":"publish","type":"post","link":"\/es\/noticias\/comunicados-de-prensa\/prowine-sao-paulo\/","title":{"rendered":"ProWine Sao Paulo"},"content":{"rendered":"<p>Del 5 a 7 de octubre participamos de una nueva edici\u00f3n de ProWine, una de las ferias m\u00e1s importantes del mundo que en esta oportunidad tuvo su edici\u00f3n en la ciudad de Sao Paulo, Brasil.<\/p>\n<p>Esta feria, que marc\u00f3 el regreso a los eventos presenciales para Bodega Garz\u00f3n, reuni\u00f3 durante 3 d\u00edas a las bodegas m\u00e1s importantes de la regi\u00f3n para presentar sus principales etiquetas en la Expo Center Norte.<\/p>\n<p>Durante el evento los invitados pudieron degustar distintos vinos Garz\u00f3n acompa\u00f1ados por el equipo de World Wine, distribuidor exclusivo de la bodega en Brasil. Adem\u00e1s, con la presencia del ingeniero agr\u00f3nomo de la bodega Eduardo F\u00e9lix, se realiz\u00f3 una masterclass para referentes del sector vitivin\u00edcola y periodistas donde se present\u00f3 una vertical de Balasto 2016, 2017, 2018, uno de los Grands Vins du Monde que tuvo su lanzamiento por quinto a\u00f1o consecutivo en el mes de setiembre en Place de Bordeaux, un lugar reservado exclusivamente para las mejores etiquetas del mundo.<\/p>\n<p>Durante la masterclass los presentes pudieron conocer las caracter\u00edsticas de este vino y conocer de primera mano el proyecto Bodega Garz\u00f3n.<\/p>\n<p>La pr\u00f3xima edici\u00f3n de ProWine Sao Paulo ya tiene fecha y ser\u00e1 del 27 al 29 de setiembre de 2022. Los invitamos a conocer m\u00e1s en <a href=\"http:\/\/www.prowinesaopaulo.com\">www.prowinesaopaulo.com<\/a>.<\/p>\n","protected":false},"excerpt":{"rendered":"<p>Del 5 a 7 de octubre participamos de una nueva edici\u00f3n de ProWine, una de las ferias m\u00e1s importantes del mundo que en esta oportunidad tuvo su edici\u00f3n en la ciudad de Sao Paulo, Brasil.<\/p>\n","protected":false},"author":15,"featured_media":61865,"comment_status":"open","ping_status":"closed","sticky":false,"template":"","format":"standard","meta":{"inline_featured_image":false,"generate_page_header":""},"categories":[216],"tags":[],"acf":[],"yoast_head":"<!-- This site is optimized with the Yoast SEO plugin v19.1 - https:\/\/yoast.com\/wordpress\/plugins\/seo\/ -->\n<title>ProWine Sao Paulo ProWine Sao Paulo. Bodega Garz\u00f3n<\/title>\n<meta name=\"description\" content=\"ProWine Sao Paulo en Bodega Garz\u00f3n. Descubre m\u00e1s en nuestra web BodegaGarzon.com\" \/>\n<meta name=\"robots\" content=\"index, follow, max-snippet:-1, max-image-preview:large, max-video-preview:-1\" \/>\n<link rel=\"canonical\" href=\"https:\/\/bodegagarzon.com\/es\/noticias\/comunicados-de-prensa\/prowine-sao-paulo\/\" \/>\n<meta property=\"og:locale\" content=\"es_ES\" \/>\n<meta property=\"og:type\" content=\"article\" \/>\n<meta property=\"og:title\" content=\"ProWine Sao Paulo ProWine Sao Paulo. Bodega Garz\u00f3n\" \/>\n<meta property=\"og:description\" content=\"ProWine Sao Paulo en Bodega Garz\u00f3n. Descubre m\u00e1s en nuestra web BodegaGarzon.com\" \/>\n<meta property=\"og:url\" content=\"\/es\/noticias\/comunicados-de-prensa\/prowine-sao-paulo\/\" \/>\n<meta property=\"og:site_name\" content=\"Bodega Garz\u00f3n\" \/>\n<meta property=\"article:publisher\" content=\"https:\/\/www.facebook.com\/ExperienciasGarzon\/\" \/>\n<meta property=\"article:published_time\" content=\"2021-10-13T17:18:44+00:00\" \/>\n<meta property=\"og:image\" content=\"https:\/\/bodegagarzon.com\/wp-content\/uploads\/2021\/10\/Captura-de-pantalla-2021-10-13-a-las-14.18.11.png\" \/>\n\t<meta property=\"og:image:width\" content=\"1304\" \/>\n\t<meta property=\"og:image:height\" content=\"842\" \/>\n\t<meta property=\"og:image:type\" content=\"image\/png\" \/>\n<meta name=\"twitter:card\" content=\"summary_large_image\" \/>\n<meta name=\"twitter:creator\" content=\"@BodegaGarzon\" \/>\n<meta name=\"twitter:site\" content=\"@BodegaGarzon\" \/>\n<meta name=\"twitter:label1\" content=\"Escrito por\" \/>\n\t<meta name=\"twitter:data1\" content=\"Mat\u00edas Guerreros\" \/>\n\t<meta name=\"twitter:label2\" content=\"Tiempo de lectura\" \/>\n\t<meta name=\"twitter:data2\" content=\"1 minuto\" \/>\n<script type=\"application\/ld+json\" class=\"yoast-schema-graph\">{\"@context\":\"https:\/\/schema.org\",\"@graph\":[{\"@type\":\"WebSite\",\"@id\":\"https:\/\/bodegagarzon.com\/es\/#website\",\"url\":\"https:\/\/bodegagarzon.com\/es\/\",\"name\":\"Bodega Garz\u00f3n\",\"description\":\"Exclusivos y aut\u00e9nticos vinos uruguayos\",\"potentialAction\":[{\"@type\":\"SearchAction\",\"target\":{\"@type\":\"EntryPoint\",\"urlTemplate\":\"https:\/\/bodegagarzon.com\/es\/?s={search_term_string}\"},\"query-input\":\"required name=search_term_string\"}],\"inLanguage\":\"es\"},{\"@type\":\"ImageObject\",\"inLanguage\":\"es\",\"@id\":\"https:\/\/bodegagarzon.com\/es\/noticias\/comunicados-de-prensa\/prowine-sao-paulo\/#primaryimage\",\"url\":\"https:\/\/bodegagarzon.com\/wp-content\/uploads\/2021\/10\/Captura-de-pantalla-2021-10-13-a-las-14.18.11.png\",\"contentUrl\":\"https:\/\/bodegagarzon.com\/wp-content\/uploads\/2021\/10\/Captura-de-pantalla-2021-10-13-a-las-14.18.11.png\",\"width\":1304,\"height\":842,\"caption\":\"prowine\"},{\"@type\":\"WebPage\",\"@id\":\"https:\/\/bodegagarzon.com\/es\/noticias\/comunicados-de-prensa\/prowine-sao-paulo\/#webpage\",\"url\":\"https:\/\/bodegagarzon.com\/es\/noticias\/comunicados-de-prensa\/prowine-sao-paulo\/\",\"name\":\"ProWine Sao Paulo ProWine Sao Paulo. Bodega Garz\u00f3n\",\"isPartOf\":{\"@id\":\"https:\/\/bodegagarzon.com\/es\/#website\"},\"primaryImageOfPage\":{\"@id\":\"https:\/\/bodegagarzon.com\/es\/noticias\/comunicados-de-prensa\/prowine-sao-paulo\/#primaryimage\"},\"datePublished\":\"2021-10-13T17:18:44+00:00\",\"dateModified\":\"2021-10-13T17:18:44+00:00\",\"author\":{\"@id\":\"https:\/\/bodegagarzon.com\/es\/#\/schema\/person\/5374fa733cac68c9449d39f8ab9b9e53\"},\"description\":\"ProWine Sao Paulo en Bodega Garz\u00f3n. Descubre m\u00e1s en nuestra web BodegaGarzon.com\",\"breadcrumb\":{\"@id\":\"https:\/\/bodegagarzon.com\/es\/noticias\/comunicados-de-prensa\/prowine-sao-paulo\/#breadcrumb\"},\"inLanguage\":\"es\",\"potentialAction\":[{\"@type\":\"ReadAction\",\"target\":[\"https:\/\/bodegagarzon.com\/es\/noticias\/comunicados-de-prensa\/prowine-sao-paulo\/\"]}]},{\"@type\":\"BreadcrumbList\",\"@id\":\"https:\/\/bodegagarzon.com\/es\/noticias\/comunicados-de-prensa\/prowine-sao-paulo\/#breadcrumb\",\"itemListElement\":[{\"@type\":\"ListItem\",\"position\":1,\"name\":\"ProWine Sao Paulo\"}]},{\"@type\":\"Person\",\"@id\":\"https:\/\/bodegagarzon.com\/es\/#\/schema\/person\/5374fa733cac68c9449d39f8ab9b9e53\",\"name\":\"Mat\u00edas Guerreros\",\"image\":{\"@type\":\"ImageObject\",\"inLanguage\":\"es\",\"@id\":\"https:\/\/bodegagarzon.com\/es\/#\/schema\/person\/image\/\",\"url\":\"https:\/\/secure.gravatar.com\/avatar\/8e66c3de37c23832002fd9204bf4199f?s=96&d=mm&r=g\",\"contentUrl\":\"https:\/\/secure.gravatar.com\/avatar\/8e66c3de37c23832002fd9204bf4199f?s=96&d=mm&r=g\",\"caption\":\"Mat\u00edas Guerreros\"}}]}<\/script>\n<!-- \/ Yoast SEO plugin. -->","yoast_head_json":{"title":"ProWine Sao Paulo ProWine Sao Paulo. Bodega Garz\u00f3n","description":"ProWine Sao Paulo en Bodega Garz\u00f3n. Descubre m\u00e1s en nuestra web BodegaGarzon.com","robots":{"index":"index","follow":"follow","max-snippet":"max-snippet:-1","max-image-preview":"max-image-preview:large","max-video-preview":"max-video-preview:-1"},"canonical":"https:\/\/bodegagarzon.com\/es\/noticias\/comunicados-de-prensa\/prowine-sao-paulo\/","og_locale":"es_ES","og_type":"article","og_title":"ProWine Sao Paulo ProWine Sao Paulo. Bodega Garz\u00f3n","og_description":"ProWine Sao Paulo en Bodega Garz\u00f3n. Descubre m\u00e1s en nuestra web BodegaGarzon.com","og_url":"\/es\/noticias\/comunicados-de-prensa\/prowine-sao-paulo\/","og_site_name":"Bodega Garz\u00f3n","article_publisher":"https:\/\/www.facebook.com\/ExperienciasGarzon\/","article_published_time":"2021-10-13T17:18:44+00:00","og_image":[{"width":1304,"height":842,"url":"https:\/\/bodegagarzon.com\/wp-content\/uploads\/2021\/10\/Captura-de-pantalla-2021-10-13-a-las-14.18.11.png","type":"image\/png"}],"twitter_card":"summary_large_image","twitter_creator":"@BodegaGarzon","twitter_site":"@BodegaGarzon","twitter_misc":{"Escrito por":"Mat\u00edas Guerreros","Tiempo de lectura":"1 minuto"},"schema":{"@context":"https:\/\/schema.org","@graph":[{"@type":"WebSite","@id":"https:\/\/bodegagarzon.com\/es\/#website","url":"https:\/\/bodegagarzon.com\/es\/","name":"Bodega Garz\u00f3n","description":"Exclusivos y aut\u00e9nticos vinos uruguayos","potentialAction":[{"@type":"SearchAction","target":{"@type":"EntryPoint","urlTemplate":"https:\/\/bodegagarzon.com\/es\/?s={search_term_string}"},"query-input":"required name=search_term_string"}],"inLanguage":"es"},{"@type":"ImageObject","inLanguage":"es","@id":"https:\/\/bodegagarzon.com\/es\/noticias\/comunicados-de-prensa\/prowine-sao-paulo\/#primaryimage","url":"https:\/\/bodegagarzon.com\/wp-content\/uploads\/2021\/10\/Captura-de-pantalla-2021-10-13-a-las-14.18.11.png","contentUrl":"https:\/\/bodegagarzon.com\/wp-content\/uploads\/2021\/10\/Captura-de-pantalla-2021-10-13-a-las-14.18.11.png","width":1304,"height":842,"caption":"prowine"},{"@type":"WebPage","@id":"https:\/\/bodegagarzon.com\/es\/noticias\/comunicados-de-prensa\/prowine-sao-paulo\/#webpage","url":"https:\/\/bodegagarzon.com\/es\/noticias\/comunicados-de-prensa\/prowine-sao-paulo\/","name":"ProWine Sao Paulo ProWine Sao Paulo. Bodega Garz\u00f3n","isPartOf":{"@id":"https:\/\/bodegagarzon.com\/es\/#website"},"primaryImageOfPage":{"@id":"https:\/\/bodegagarzon.com\/es\/noticias\/comunicados-de-prensa\/prowine-sao-paulo\/#primaryimage"},"datePublished":"2021-10-13T17:18:44+00:00","dateModified":"2021-10-13T17:18:44+00:00","author":{"@id":"https:\/\/bodegagarzon.com\/es\/#\/schema\/person\/5374fa733cac68c9449d39f8ab9b9e53"},"description":"ProWine Sao Paulo en Bodega Garz\u00f3n. Descubre m\u00e1s en nuestra web BodegaGarzon.com","breadcrumb":{"@id":"https:\/\/bodegagarzon.com\/es\/noticias\/comunicados-de-prensa\/prowine-sao-paulo\/#breadcrumb"},"inLanguage":"es","potentialAction":[{"@type":"ReadAction","target":["https:\/\/bodegagarzon.com\/es\/noticias\/comunicados-de-prensa\/prowine-sao-paulo\/"]}]},{"@type":"BreadcrumbList","@id":"https:\/\/bodegagarzon.com\/es\/noticias\/comunicados-de-prensa\/prowine-sao-paulo\/#breadcrumb","itemListElement":[{"@type":"ListItem","position":1,"name":"ProWine Sao Paulo"}]},{"@type":"Person","@id":"https:\/\/bodegagarzon.com\/es\/#\/schema\/person\/5374fa733cac68c9449d39f8ab9b9e53","name":"Mat\u00edas Guerreros","image":{"@type":"ImageObject","inLanguage":"es","@id":"https:\/\/bodegagarzon.com\/es\/#\/schema\/person\/image\/","url":"https:\/\/secure.gravatar.com\/avatar\/8e66c3de37c23832002fd9204bf4199f?s=96&d=mm&r=g","contentUrl":"https:\/\/secure.gravatar.com\/avatar\/8e66c3de37c23832002fd9204bf4199f?s=96&d=mm&r=g","caption":"Mat\u00edas Guerreros"}}]}},"_links":{"self":[{"href":"https:\/\/bodegagarzon.com\/es\/wp-json\/wp\/v2\/posts\/61864"}],"collection":[{"href":"https:\/\/bodegagarzon.com\/es\/wp-json\/wp\/v2\/posts"}],"about":[{"href":"https:\/\/bodegagarzon.com\/es\/wp-json\/wp\/v2\/types\/post"}],"author":[{"embeddable":true,"href":"https:\/\/bodegagarzon.com\/es\/wp-json\/wp\/v2\/users\/15"}],"replies":[{"embeddable":true,"href":"https:\/\/bodegagarzon.com\/es\/wp-json\/wp\/v2\/comments?post=61864"}],"version-history":[{"count":1,"href":"https:\/\/bodegagarzon.com\/es\/wp-json\/wp\/v2\/posts\/61864\/revisions"}],"predecessor-version":[{"id":61868,"href":"https:\/\/bodegagarzon.com\/es\/wp-json\/wp\/v2\/posts\/61864\/revisions\/61868"}],"wp:featuredmedia":[{"embeddable":true,"href":"https:\/\/bodegagarzon.com\/es\/wp-json\/wp\/v2\/media\/61865"}],"wp:attachment":[{"href":"https:\/\/bodegagarzon.com\/es\/wp-json\/wp\/v2\/media?parent=61864"}],"wp:term":[{"taxonomy":"category","embeddable":true,"href":"https:\/\/bodegagarzon.com\/es\/wp-json\/wp\/v2\/categories?post=61864"},{"taxonomy":"post_tag","embeddable":true,"href":"https:\/\/bodegagarzon.com\/es\/wp-json\/wp\/v2\/tags?post=61864"}],"curies":[{"name":"wp","href":"https:\/\/api.w.org\/{rel}","templated":true}]}}