{"id":18772,"date":"2018-06-26T15:43:23","date_gmt":"2018-06-26T15:43:23","guid":{"rendered":"https:\/\/bodegagarzon.com\/?p=18772"},"modified":"2018-09-25T15:44:45","modified_gmt":"2018-09-25T15:44:45","slug":"vinedo-en-invierno","status":"publish","type":"post","link":"\/es\/noticias\/actualidad\/vinedo-en-invierno\/","title":{"rendered":"Vi\u00f1edo en invierno"},"content":{"rendered":"<p><strong>Con la llegada del invierno observamos como el vi\u00f1edo va, poco a poco, perdiendo sus hojas hasta quedar sin ellas.<\/strong> El paisaje cambia totalmente y vemos tan solo peque\u00f1as plantas con ramas vac\u00edas. Esto no significa que no haya que realizar ninguna tarea, sino que por el contrario, hay que comenzar a preparar el vi\u00f1edo para la pr\u00f3xima campa\u00f1a&#8230;<\/p>\n<h2>Vi\u00f1edo en invierno<\/h2>\n<p>El \u00e9xito de una gran cosecha durante el verano tambi\u00e9n depende de la calidad del trabajo que se realice durante el invierno. Es fundamental aguantar la bajas temperaturas y trabajar en el vi\u00f1edo para as\u00ed prepararlo para la primavera y el nacimiento de nuevos frutos.<\/p>\n<p>Uno de los trabajos fundamentales es la poda, en donde se preparan las plantas de forma manual. En Bodega Garz\u00f3n esto se comparte con los turistas que visitan, ya que para este a\u00f1o <strong>se cre\u00f3 una experiencia que tendr\u00e1 lugar el pr\u00f3ximo 21 y 25 de julio denominado <a href=\"https:\/\/bodegagarzon.com\/es\/experiencia\/festival-poda\/\">Festival de la Poda. <\/a><\/strong>La misma incluye una visita guiada por el interior de la bodega, degustaci\u00f3n de vinos de la l\u00ednea Estate y Reserva, y un 20% de descuento en almuerzo en restaurante, adem\u00e1s de la visita a los vi\u00f1edos en donde con tijeras los visitantes podr\u00e1s disfrutar de la experiencia de la poda, colaborando con la preparaci\u00f3n del vi\u00f1edo para la pr\u00f3xima campa\u00f1a.<\/p>\n<p><a href=\"https:\/\/bodegagarzon.com\/wp-content\/uploads\/2018\/06\/oton\u0303o.jpg\"><img loading=\"lazy\" class=\"alignnone size-full wp-image-7677\" src=\"https:\/\/bodegagarzon.com\/wp-content\/uploads\/2018\/06\/oton\u0303o.jpg\" alt=\"\" width=\"1156\" height=\"768\" \/><\/a><\/p>\n<p>Los invitamos a conocer tambi\u00e9n como se vivieron los <a href=\"https:\/\/bodegagarzon.com\/es\/blog\/noche-san-juan\/\"><strong>Fuegos de San Juan en Bodega Garz\u00f3n.<\/strong><\/a><\/p>\n","protected":false},"excerpt":{"rendered":"<p>Con la llegada del invierno observamos como el vi\u00f1edo va, poco a poco, perdiendo sus hojas hasta quedar sin ellas. El paisaje cambia totalmente y vemos tan solo peque\u00f1as plantas con ramas vac\u00edas. Esto no significa que no haya que realizar ninguna tarea, sino que por el contrario, hay que comenzar a preparar el vi\u00f1edo para la pr\u00f3xima campa\u00f1a&#8230; Vi\u00f1edo &#8230; <a title=\"Vi\u00f1edo en invierno\" class=\"read-more\" href=\"\/es\/noticias\/actualidad\/vinedo-en-invierno\/\" aria-label=\"M\u00e1s en Vi\u00f1edo en invierno\">&nbsp;<\/a><\/p>\n","protected":false},"author":1,"featured_media":0,"comment_status":"open","ping_status":"closed","sticky":false,"template":"","format":"standard","meta":{"inline_featured_image":false,"generate_page_header":""},"categories":[168],"tags":[202],"acf":[],"yoast_head":"<!-- This site is optimized with the Yoast SEO plugin v19.1 - https:\/\/yoast.com\/wordpress\/plugins\/seo\/ -->\n<title>Vi\u00f1edo en invierno<\/title>\n<meta name=\"description\" content=\"Vi\u00f1edo en invierno en Bodega Garz\u00f3n. Descubre m\u00e1s en nuestra web BodegaGarzon.com\" \/>\n<meta name=\"robots\" content=\"index, follow, max-snippet:-1, max-image-preview:large, max-video-preview:-1\" \/>\n<link rel=\"canonical\" href=\"https:\/\/bodegagarzon.com\/es\/noticias\/actualidad\/vinedo-en-invierno\/\" \/>\n<meta property=\"og:locale\" content=\"es_ES\" \/>\n<meta property=\"og:type\" content=\"article\" \/>\n<meta property=\"og:title\" content=\"Vi\u00f1edo en invierno\" \/>\n<meta property=\"og:description\" content=\"Vi\u00f1edo en invierno en Bodega Garz\u00f3n. Descubre m\u00e1s en nuestra web BodegaGarzon.com\" \/>\n<meta property=\"og:url\" content=\"\/es\/noticias\/actualidad\/vinedo-en-invierno\/\" \/>\n<meta property=\"og:site_name\" content=\"Bodega Garz\u00f3n\" \/>\n<meta property=\"article:publisher\" content=\"https:\/\/www.facebook.com\/ExperienciasGarzon\/\" \/>\n<meta property=\"article:published_time\" content=\"2018-06-26T15:43:23+00:00\" \/>\n<meta property=\"article:modified_time\" content=\"2018-09-25T15:44:45+00:00\" \/>\n<meta property=\"og:image\" content=\"https:\/\/bodegagarzon.com\/wp-content\/uploads\/2018\/06\/oton\u0303o.jpg\" \/>\n<meta name=\"twitter:card\" content=\"summary_large_image\" \/>\n<meta name=\"twitter:creator\" content=\"@BodegaGarzon\" \/>\n<meta name=\"twitter:site\" content=\"@BodegaGarzon\" \/>\n<meta name=\"twitter:label1\" content=\"Escrito por\" \/>\n\t<meta name=\"twitter:data1\" content=\"desarrollo\" \/>\n\t<meta name=\"twitter:label2\" content=\"Tiempo de lectura\" \/>\n\t<meta name=\"twitter:data2\" content=\"1 minuto\" \/>\n<script type=\"application\/ld+json\" class=\"yoast-schema-graph\">{\"@context\":\"https:\/\/schema.org\",\"@graph\":[{\"@type\":\"WebSite\",\"@id\":\"https:\/\/bodegagarzon.com\/es\/#website\",\"url\":\"https:\/\/bodegagarzon.com\/es\/\",\"name\":\"Bodega Garz\u00f3n\",\"description\":\"Exclusivos y aut\u00e9nticos vinos uruguayos\",\"potentialAction\":[{\"@type\":\"SearchAction\",\"target\":{\"@type\":\"EntryPoint\",\"urlTemplate\":\"https:\/\/bodegagarzon.com\/es\/?s={search_term_string}\"},\"query-input\":\"required name=search_term_string\"}],\"inLanguage\":\"es\"},{\"@type\":\"WebPage\",\"@id\":\"https:\/\/bodegagarzon.com\/es\/noticias\/actualidad\/vinedo-en-invierno\/#webpage\",\"url\":\"https:\/\/bodegagarzon.com\/es\/noticias\/actualidad\/vinedo-en-invierno\/\",\"name\":\"Vi\u00f1edo en invierno\",\"isPartOf\":{\"@id\":\"https:\/\/bodegagarzon.com\/es\/#website\"},\"datePublished\":\"2018-06-26T15:43:23+00:00\",\"dateModified\":\"2018-09-25T15:44:45+00:00\",\"author\":{\"@id\":\"https:\/\/bodegagarzon.com\/es\/#\/schema\/person\/92c8c63eccf21e735f56d9a9a9ff2f31\"},\"description\":\"Vi\u00f1edo en invierno en Bodega Garz\u00f3n. Descubre m\u00e1s en nuestra web BodegaGarzon.com\",\"breadcrumb\":{\"@id\":\"https:\/\/bodegagarzon.com\/es\/noticias\/actualidad\/vinedo-en-invierno\/#breadcrumb\"},\"inLanguage\":\"es\",\"potentialAction\":[{\"@type\":\"ReadAction\",\"target\":[\"https:\/\/bodegagarzon.com\/es\/noticias\/actualidad\/vinedo-en-invierno\/\"]}]},{\"@type\":\"BreadcrumbList\",\"@id\":\"https:\/\/bodegagarzon.com\/es\/noticias\/actualidad\/vinedo-en-invierno\/#breadcrumb\",\"itemListElement\":[{\"@type\":\"ListItem\",\"position\":1,\"name\":\"Vi\u00f1edo en invierno\"}]},{\"@type\":\"Person\",\"@id\":\"https:\/\/bodegagarzon.com\/es\/#\/schema\/person\/92c8c63eccf21e735f56d9a9a9ff2f31\",\"name\":\"desarrollo\",\"image\":{\"@type\":\"ImageObject\",\"inLanguage\":\"es\",\"@id\":\"https:\/\/bodegagarzon.com\/es\/#\/schema\/person\/image\/\",\"url\":\"https:\/\/secure.gravatar.com\/avatar\/a0f54ad5bd42ab4629247e2d02b138b6?s=96&d=mm&r=g\",\"contentUrl\":\"https:\/\/secure.gravatar.com\/avatar\/a0f54ad5bd42ab4629247e2d02b138b6?s=96&d=mm&r=g\",\"caption\":\"desarrollo\"}}]}<\/script>\n<!-- \/ Yoast SEO plugin. -->","yoast_head_json":{"title":"Vi\u00f1edo en invierno","description":"Vi\u00f1edo en invierno en Bodega Garz\u00f3n. Descubre m\u00e1s en nuestra web BodegaGarzon.com","robots":{"index":"index","follow":"follow","max-snippet":"max-snippet:-1","max-image-preview":"max-image-preview:large","max-video-preview":"max-video-preview:-1"},"canonical":"https:\/\/bodegagarzon.com\/es\/noticias\/actualidad\/vinedo-en-invierno\/","og_locale":"es_ES","og_type":"article","og_title":"Vi\u00f1edo en invierno","og_description":"Vi\u00f1edo en invierno en Bodega Garz\u00f3n. Descubre m\u00e1s en nuestra web BodegaGarzon.com","og_url":"\/es\/noticias\/actualidad\/vinedo-en-invierno\/","og_site_name":"Bodega Garz\u00f3n","article_publisher":"https:\/\/www.facebook.com\/ExperienciasGarzon\/","article_published_time":"2018-06-26T15:43:23+00:00","article_modified_time":"2018-09-25T15:44:45+00:00","og_image":[{"url":"https:\/\/bodegagarzon.com\/wp-content\/uploads\/2018\/06\/oton\u0303o.jpg"}],"twitter_card":"summary_large_image","twitter_creator":"@BodegaGarzon","twitter_site":"@BodegaGarzon","twitter_misc":{"Escrito por":"desarrollo","Tiempo de lectura":"1 minuto"},"schema":{"@context":"https:\/\/schema.org","@graph":[{"@type":"WebSite","@id":"https:\/\/bodegagarzon.com\/es\/#website","url":"https:\/\/bodegagarzon.com\/es\/","name":"Bodega Garz\u00f3n","description":"Exclusivos y aut\u00e9nticos vinos uruguayos","potentialAction":[{"@type":"SearchAction","target":{"@type":"EntryPoint","urlTemplate":"https:\/\/bodegagarzon.com\/es\/?s={search_term_string}"},"query-input":"required name=search_term_string"}],"inLanguage":"es"},{"@type":"WebPage","@id":"https:\/\/bodegagarzon.com\/es\/noticias\/actualidad\/vinedo-en-invierno\/#webpage","url":"https:\/\/bodegagarzon.com\/es\/noticias\/actualidad\/vinedo-en-invierno\/","name":"Vi\u00f1edo en invierno","isPartOf":{"@id":"https:\/\/bodegagarzon.com\/es\/#website"},"datePublished":"2018-06-26T15:43:23+00:00","dateModified":"2018-09-25T15:44:45+00:00","author":{"@id":"https:\/\/bodegagarzon.com\/es\/#\/schema\/person\/92c8c63eccf21e735f56d9a9a9ff2f31"},"description":"Vi\u00f1edo en invierno en Bodega Garz\u00f3n. Descubre m\u00e1s en nuestra web BodegaGarzon.com","breadcrumb":{"@id":"https:\/\/bodegagarzon.com\/es\/noticias\/actualidad\/vinedo-en-invierno\/#breadcrumb"},"inLanguage":"es","potentialAction":[{"@type":"ReadAction","target":["https:\/\/bodegagarzon.com\/es\/noticias\/actualidad\/vinedo-en-invierno\/"]}]},{"@type":"BreadcrumbList","@id":"https:\/\/bodegagarzon.com\/es\/noticias\/actualidad\/vinedo-en-invierno\/#breadcrumb","itemListElement":[{"@type":"ListItem","position":1,"name":"Vi\u00f1edo en invierno"}]},{"@type":"Person","@id":"https:\/\/bodegagarzon.com\/es\/#\/schema\/person\/92c8c63eccf21e735f56d9a9a9ff2f31","name":"desarrollo","image":{"@type":"ImageObject","inLanguage":"es","@id":"https:\/\/bodegagarzon.com\/es\/#\/schema\/person\/image\/","url":"https:\/\/secure.gravatar.com\/avatar\/a0f54ad5bd42ab4629247e2d02b138b6?s=96&d=mm&r=g","contentUrl":"https:\/\/secure.gravatar.com\/avatar\/a0f54ad5bd42ab4629247e2d02b138b6?s=96&d=mm&r=g","caption":"desarrollo"}}]}},"_links":{"self":[{"href":"https:\/\/bodegagarzon.com\/es\/wp-json\/wp\/v2\/posts\/18772"}],"collection":[{"href":"https:\/\/bodegagarzon.com\/es\/wp-json\/wp\/v2\/posts"}],"about":[{"href":"https:\/\/bodegagarzon.com\/es\/wp-json\/wp\/v2\/types\/post"}],"author":[{"embeddable":true,"href":"https:\/\/bodegagarzon.com\/es\/wp-json\/wp\/v2\/users\/1"}],"replies":[{"embeddable":true,"href":"https:\/\/bodegagarzon.com\/es\/wp-json\/wp\/v2\/comments?post=18772"}],"version-history":[{"count":0,"href":"https:\/\/bodegagarzon.com\/es\/wp-json\/wp\/v2\/posts\/18772\/revisions"}],"wp:attachment":[{"href":"https:\/\/bodegagarzon.com\/es\/wp-json\/wp\/v2\/media?parent=18772"}],"wp:term":[{"taxonomy":"category","embeddable":true,"href":"https:\/\/bodegagarzon.com\/es\/wp-json\/wp\/v2\/categories?post=18772"},{"taxonomy":"post_tag","embeddable":true,"href":"https:\/\/bodegagarzon.com\/es\/wp-json\/wp\/v2\/tags?post=18772"}],"curies":[{"name":"wp","href":"https:\/\/api.w.org\/{rel}","templated":true}]}}