{"id":17554,"date":"2018-09-12T12:32:11","date_gmt":"2018-09-12T12:32:11","guid":{"rendered":"https:\/\/bodegagarzon.com\/?p=17554"},"modified":"2019-04-02T17:41:35","modified_gmt":"2019-04-02T20:41:35","slug":"balasto-2016-fue-lanzado-en-la-exclusiva-place-de-bordeaux","status":"publish","type":"post","link":"\/es\/noticias\/actualidad\/balasto-2016-fue-lanzado-en-la-exclusiva-place-de-bordeaux\/","title":{"rendered":"Balasto 2016 fue lanzado en la exclusiva Place de Bordeaux"},"content":{"rendered":"<p><strong>El vino \u00edcono de Bodega Garz\u00f3n marc\u00f3 un nuevo hito en la historia de los vinos uruguayos siendo, por segundo a\u00f1o consecutivo, el primero en ser distribuido a trav\u00e9s de la exclusiva Place de Bordeaux,<\/strong> un lugar reservado para los mejores vinos del mundo, donde s\u00f3lo se cuentan tres productos provenientes de Sudam\u00e9rica.<\/p>\n<h2>Balasto 2016 fue lanzado en la exclusiva Place de Bordeaux<\/h2>\n<p>La primera cosecha de este vino se realiz\u00f3 en el a\u00f1o 2015. El lanzamiento, durante Vinexpo Bordeaux en 2017, cont\u00f3 con la presencia del Ingeniero Alejandro P. Bulgheroni, Alberto Antonini y Francis Mallmann.<br \/>\n<strong>Esta nueva cosecha 2016, ya ha obtenido 94 puntos del cr\u00edtico James Suckling, 95 puntos en Adega y 96 puntos por parte de Marcelo Copello, de Brasil.<\/strong><\/p>\n<p>Balasto es el tipo particular de suelo del terroir de Garz\u00f3n, de granito meteorizado, con buen drenaje y mineralidad, ideal para aportar complejidad, energ\u00eda y vibrancia a este vino que es un blend compuesto por cuatro variedades: Tannat, Cabernet Franc, Petit Verdot y Marselan.<\/p>\n<p><strong>Con el asesoramiento del reconocido en\u00f3logo internacional Alberto Antonini,<\/strong> Bodega Garz\u00f3n aplica una filosof\u00eda que gira en torno a la elaboraci\u00f3n de vinos que se convierten en la fiel expresi\u00f3n de su origen.<\/p>\n<p>\u201cConociendo el terroir en profundidad, pueden elaborarse vinos con un sentido m\u00e1s fuerte del lugar. La biodiversidad, la estructura del suelo y su composici\u00f3n, las colinas y la exposici\u00f3n que \u00e9stas proporcionan a los vi\u00f1edos, su proximidad al oc\u00e9ano y la influencia de su brisa limpia y fresca hacen de Garz\u00f3n un lugar \u00fanico para la elaboraci\u00f3n de vinos de primera calidad\u201d. Alberto Antonini<\/p>\n<p><strong>Este vino, que ya se ha convertido en leyenda, estar\u00e1 disponible en el mercado a partir del 12 de septiembre, d\u00eda de su lanzamiento a nivel mundial.<\/strong><\/p>\n<p>&nbsp;<\/p>\n","protected":false},"excerpt":{"rendered":"<p>El vino \u00edcono de Bodega Garz\u00f3n marc\u00f3 un nuevo hito en la historia de los vinos uruguayos siendo, por segundo a\u00f1o consecutivo, el primero en ser distribuido a trav\u00e9s de la exclusiva Place de Bordeaux, un lugar reservado para los mejores vinos del mundo, donde s\u00f3lo se cuentan tres productos provenientes de Sudam\u00e9rica.<\/p>\n","protected":false},"author":15,"featured_media":17555,"comment_status":"open","ping_status":"closed","sticky":false,"template":"","format":"standard","meta":{"inline_featured_image":false,"generate_page_header":""},"categories":[168],"tags":[],"acf":[],"yoast_head":"<!-- This site is optimized with the Yoast SEO plugin v19.1 - https:\/\/yoast.com\/wordpress\/plugins\/seo\/ -->\n<title>Balasto 2016 fue lanzado en la exclusiva Place de Bordeaux<\/title>\n<meta name=\"description\" content=\"Balasto 2016 fue lanzado en la exclusiva Place de Bordeaux en Bodega Garz\u00f3n. Descubre m\u00e1s en nuestra web BodegaGarzon.com\" \/>\n<meta name=\"robots\" content=\"index, follow, max-snippet:-1, max-image-preview:large, max-video-preview:-1\" \/>\n<link rel=\"canonical\" href=\"https:\/\/bodegagarzon.com\/es\/noticias\/actualidad\/balasto-2016-fue-lanzado-en-la-exclusiva-place-de-bordeaux\/\" \/>\n<meta property=\"og:locale\" content=\"es_ES\" \/>\n<meta property=\"og:type\" content=\"article\" \/>\n<meta property=\"og:title\" content=\"Balasto 2016 fue lanzado en la exclusiva Place de Bordeaux\" \/>\n<meta property=\"og:description\" content=\"Balasto 2016 fue lanzado en la exclusiva Place de Bordeaux en Bodega Garz\u00f3n. Descubre m\u00e1s en nuestra web BodegaGarzon.com\" \/>\n<meta property=\"og:url\" content=\"\/es\/noticias\/actualidad\/balasto-2016-fue-lanzado-en-la-exclusiva-place-de-bordeaux\/\" \/>\n<meta property=\"og:site_name\" content=\"Bodega Garz\u00f3n\" \/>\n<meta property=\"article:publisher\" content=\"https:\/\/www.facebook.com\/ExperienciasGarzon\/\" \/>\n<meta property=\"article:published_time\" content=\"2018-09-12T12:32:11+00:00\" \/>\n<meta property=\"article:modified_time\" content=\"2019-04-02T20:41:35+00:00\" \/>\n<meta property=\"og:image\" content=\"https:\/\/bodegagarzon.com\/wp-content\/uploads\/2018\/09\/BALASTO_12SET_TW-e1568222392933.jpg\" \/>\n\t<meta property=\"og:image:width\" content=\"1024\" \/>\n\t<meta property=\"og:image:height\" content=\"512\" \/>\n\t<meta property=\"og:image:type\" content=\"image\/jpeg\" \/>\n<meta name=\"twitter:card\" content=\"summary_large_image\" \/>\n<meta name=\"twitter:creator\" content=\"@BodegaGarzon\" \/>\n<meta name=\"twitter:site\" content=\"@BodegaGarzon\" \/>\n<meta name=\"twitter:label1\" content=\"Escrito por\" \/>\n\t<meta name=\"twitter:data1\" content=\"Mat\u00edas Guerreros\" \/>\n\t<meta name=\"twitter:label2\" content=\"Tiempo de lectura\" \/>\n\t<meta name=\"twitter:data2\" content=\"2 minutos\" \/>\n<script type=\"application\/ld+json\" class=\"yoast-schema-graph\">{\"@context\":\"https:\/\/schema.org\",\"@graph\":[{\"@type\":\"WebSite\",\"@id\":\"https:\/\/bodegagarzon.com\/es\/#website\",\"url\":\"https:\/\/bodegagarzon.com\/es\/\",\"name\":\"Bodega Garz\u00f3n\",\"description\":\"Exclusivos y aut\u00e9nticos vinos uruguayos\",\"potentialAction\":[{\"@type\":\"SearchAction\",\"target\":{\"@type\":\"EntryPoint\",\"urlTemplate\":\"https:\/\/bodegagarzon.com\/es\/?s={search_term_string}\"},\"query-input\":\"required name=search_term_string\"}],\"inLanguage\":\"es\"},{\"@type\":\"ImageObject\",\"inLanguage\":\"es\",\"@id\":\"https:\/\/bodegagarzon.com\/es\/noticias\/actualidad\/balasto-2016-fue-lanzado-en-la-exclusiva-place-de-bordeaux\/#primaryimage\",\"url\":\"https:\/\/bodegagarzon.com\/wp-content\/uploads\/2018\/09\/BALASTO_12SET_TW-e1568222392933.jpg\",\"contentUrl\":\"https:\/\/bodegagarzon.com\/wp-content\/uploads\/2018\/09\/BALASTO_12SET_TW-e1568222392933.jpg\",\"width\":1024,\"height\":512,\"caption\":\"Balasto 2016\"},{\"@type\":\"WebPage\",\"@id\":\"https:\/\/bodegagarzon.com\/es\/noticias\/actualidad\/balasto-2016-fue-lanzado-en-la-exclusiva-place-de-bordeaux\/#webpage\",\"url\":\"https:\/\/bodegagarzon.com\/es\/noticias\/actualidad\/balasto-2016-fue-lanzado-en-la-exclusiva-place-de-bordeaux\/\",\"name\":\"Balasto 2016 fue lanzado en la exclusiva Place de Bordeaux\",\"isPartOf\":{\"@id\":\"https:\/\/bodegagarzon.com\/es\/#website\"},\"primaryImageOfPage\":{\"@id\":\"https:\/\/bodegagarzon.com\/es\/noticias\/actualidad\/balasto-2016-fue-lanzado-en-la-exclusiva-place-de-bordeaux\/#primaryimage\"},\"datePublished\":\"2018-09-12T12:32:11+00:00\",\"dateModified\":\"2019-04-02T20:41:35+00:00\",\"author\":{\"@id\":\"https:\/\/bodegagarzon.com\/es\/#\/schema\/person\/5374fa733cac68c9449d39f8ab9b9e53\"},\"description\":\"Balasto 2016 fue lanzado en la exclusiva Place de Bordeaux en Bodega Garz\u00f3n. Descubre m\u00e1s en nuestra web BodegaGarzon.com\",\"breadcrumb\":{\"@id\":\"https:\/\/bodegagarzon.com\/es\/noticias\/actualidad\/balasto-2016-fue-lanzado-en-la-exclusiva-place-de-bordeaux\/#breadcrumb\"},\"inLanguage\":\"es\",\"potentialAction\":[{\"@type\":\"ReadAction\",\"target\":[\"https:\/\/bodegagarzon.com\/es\/noticias\/actualidad\/balasto-2016-fue-lanzado-en-la-exclusiva-place-de-bordeaux\/\"]}]},{\"@type\":\"BreadcrumbList\",\"@id\":\"https:\/\/bodegagarzon.com\/es\/noticias\/actualidad\/balasto-2016-fue-lanzado-en-la-exclusiva-place-de-bordeaux\/#breadcrumb\",\"itemListElement\":[{\"@type\":\"ListItem\",\"position\":1,\"name\":\"Balasto 2016 fue lanzado en la exclusiva Place de Bordeaux\"}]},{\"@type\":\"Person\",\"@id\":\"https:\/\/bodegagarzon.com\/es\/#\/schema\/person\/5374fa733cac68c9449d39f8ab9b9e53\",\"name\":\"Mat\u00edas Guerreros\",\"image\":{\"@type\":\"ImageObject\",\"inLanguage\":\"es\",\"@id\":\"https:\/\/bodegagarzon.com\/es\/#\/schema\/person\/image\/\",\"url\":\"https:\/\/secure.gravatar.com\/avatar\/8e66c3de37c23832002fd9204bf4199f?s=96&d=mm&r=g\",\"contentUrl\":\"https:\/\/secure.gravatar.com\/avatar\/8e66c3de37c23832002fd9204bf4199f?s=96&d=mm&r=g\",\"caption\":\"Mat\u00edas Guerreros\"}}]}<\/script>\n<!-- \/ Yoast SEO plugin. -->","yoast_head_json":{"title":"Balasto 2016 fue lanzado en la exclusiva Place de Bordeaux","description":"Balasto 2016 fue lanzado en la exclusiva Place de Bordeaux en Bodega Garz\u00f3n. Descubre m\u00e1s en nuestra web BodegaGarzon.com","robots":{"index":"index","follow":"follow","max-snippet":"max-snippet:-1","max-image-preview":"max-image-preview:large","max-video-preview":"max-video-preview:-1"},"canonical":"https:\/\/bodegagarzon.com\/es\/noticias\/actualidad\/balasto-2016-fue-lanzado-en-la-exclusiva-place-de-bordeaux\/","og_locale":"es_ES","og_type":"article","og_title":"Balasto 2016 fue lanzado en la exclusiva Place de Bordeaux","og_description":"Balasto 2016 fue lanzado en la exclusiva Place de Bordeaux en Bodega Garz\u00f3n. Descubre m\u00e1s en nuestra web BodegaGarzon.com","og_url":"\/es\/noticias\/actualidad\/balasto-2016-fue-lanzado-en-la-exclusiva-place-de-bordeaux\/","og_site_name":"Bodega Garz\u00f3n","article_publisher":"https:\/\/www.facebook.com\/ExperienciasGarzon\/","article_published_time":"2018-09-12T12:32:11+00:00","article_modified_time":"2019-04-02T20:41:35+00:00","og_image":[{"width":1024,"height":512,"url":"https:\/\/bodegagarzon.com\/wp-content\/uploads\/2018\/09\/BALASTO_12SET_TW-e1568222392933.jpg","type":"image\/jpeg"}],"twitter_card":"summary_large_image","twitter_creator":"@BodegaGarzon","twitter_site":"@BodegaGarzon","twitter_misc":{"Escrito por":"Mat\u00edas Guerreros","Tiempo de lectura":"2 minutos"},"schema":{"@context":"https:\/\/schema.org","@graph":[{"@type":"WebSite","@id":"https:\/\/bodegagarzon.com\/es\/#website","url":"https:\/\/bodegagarzon.com\/es\/","name":"Bodega Garz\u00f3n","description":"Exclusivos y aut\u00e9nticos vinos uruguayos","potentialAction":[{"@type":"SearchAction","target":{"@type":"EntryPoint","urlTemplate":"https:\/\/bodegagarzon.com\/es\/?s={search_term_string}"},"query-input":"required name=search_term_string"}],"inLanguage":"es"},{"@type":"ImageObject","inLanguage":"es","@id":"https:\/\/bodegagarzon.com\/es\/noticias\/actualidad\/balasto-2016-fue-lanzado-en-la-exclusiva-place-de-bordeaux\/#primaryimage","url":"https:\/\/bodegagarzon.com\/wp-content\/uploads\/2018\/09\/BALASTO_12SET_TW-e1568222392933.jpg","contentUrl":"https:\/\/bodegagarzon.com\/wp-content\/uploads\/2018\/09\/BALASTO_12SET_TW-e1568222392933.jpg","width":1024,"height":512,"caption":"Balasto 2016"},{"@type":"WebPage","@id":"https:\/\/bodegagarzon.com\/es\/noticias\/actualidad\/balasto-2016-fue-lanzado-en-la-exclusiva-place-de-bordeaux\/#webpage","url":"https:\/\/bodegagarzon.com\/es\/noticias\/actualidad\/balasto-2016-fue-lanzado-en-la-exclusiva-place-de-bordeaux\/","name":"Balasto 2016 fue lanzado en la exclusiva Place de Bordeaux","isPartOf":{"@id":"https:\/\/bodegagarzon.com\/es\/#website"},"primaryImageOfPage":{"@id":"https:\/\/bodegagarzon.com\/es\/noticias\/actualidad\/balasto-2016-fue-lanzado-en-la-exclusiva-place-de-bordeaux\/#primaryimage"},"datePublished":"2018-09-12T12:32:11+00:00","dateModified":"2019-04-02T20:41:35+00:00","author":{"@id":"https:\/\/bodegagarzon.com\/es\/#\/schema\/person\/5374fa733cac68c9449d39f8ab9b9e53"},"description":"Balasto 2016 fue lanzado en la exclusiva Place de Bordeaux en Bodega Garz\u00f3n. Descubre m\u00e1s en nuestra web BodegaGarzon.com","breadcrumb":{"@id":"https:\/\/bodegagarzon.com\/es\/noticias\/actualidad\/balasto-2016-fue-lanzado-en-la-exclusiva-place-de-bordeaux\/#breadcrumb"},"inLanguage":"es","potentialAction":[{"@type":"ReadAction","target":["https:\/\/bodegagarzon.com\/es\/noticias\/actualidad\/balasto-2016-fue-lanzado-en-la-exclusiva-place-de-bordeaux\/"]}]},{"@type":"BreadcrumbList","@id":"https:\/\/bodegagarzon.com\/es\/noticias\/actualidad\/balasto-2016-fue-lanzado-en-la-exclusiva-place-de-bordeaux\/#breadcrumb","itemListElement":[{"@type":"ListItem","position":1,"name":"Balasto 2016 fue lanzado en la exclusiva Place de Bordeaux"}]},{"@type":"Person","@id":"https:\/\/bodegagarzon.com\/es\/#\/schema\/person\/5374fa733cac68c9449d39f8ab9b9e53","name":"Mat\u00edas Guerreros","image":{"@type":"ImageObject","inLanguage":"es","@id":"https:\/\/bodegagarzon.com\/es\/#\/schema\/person\/image\/","url":"https:\/\/secure.gravatar.com\/avatar\/8e66c3de37c23832002fd9204bf4199f?s=96&d=mm&r=g","contentUrl":"https:\/\/secure.gravatar.com\/avatar\/8e66c3de37c23832002fd9204bf4199f?s=96&d=mm&r=g","caption":"Mat\u00edas Guerreros"}}]}},"_links":{"self":[{"href":"https:\/\/bodegagarzon.com\/es\/wp-json\/wp\/v2\/posts\/17554"}],"collection":[{"href":"https:\/\/bodegagarzon.com\/es\/wp-json\/wp\/v2\/posts"}],"about":[{"href":"https:\/\/bodegagarzon.com\/es\/wp-json\/wp\/v2\/types\/post"}],"author":[{"embeddable":true,"href":"https:\/\/bodegagarzon.com\/es\/wp-json\/wp\/v2\/users\/15"}],"replies":[{"embeddable":true,"href":"https:\/\/bodegagarzon.com\/es\/wp-json\/wp\/v2\/comments?post=17554"}],"version-history":[{"count":1,"href":"https:\/\/bodegagarzon.com\/es\/wp-json\/wp\/v2\/posts\/17554\/revisions"}],"predecessor-version":[{"id":26036,"href":"https:\/\/bodegagarzon.com\/es\/wp-json\/wp\/v2\/posts\/17554\/revisions\/26036"}],"wp:featuredmedia":[{"embeddable":true,"href":"https:\/\/bodegagarzon.com\/es\/wp-json\/wp\/v2\/media\/17555"}],"wp:attachment":[{"href":"https:\/\/bodegagarzon.com\/es\/wp-json\/wp\/v2\/media?parent=17554"}],"wp:term":[{"taxonomy":"category","embeddable":true,"href":"https:\/\/bodegagarzon.com\/es\/wp-json\/wp\/v2\/categories?post=17554"},{"taxonomy":"post_tag","embeddable":true,"href":"https:\/\/bodegagarzon.com\/es\/wp-json\/wp\/v2\/tags?post=17554"}],"curies":[{"name":"wp","href":"https:\/\/api.w.org\/{rel}","templated":true}]}}