{"id":29234,"date":"2019-07-15T16:41:27","date_gmt":"2019-07-15T19:41:27","guid":{"rendered":"https:\/\/bodegagarzon.com\/?p=29234"},"modified":"2019-11-14T14:20:04","modified_gmt":"2019-11-14T17:20:04","slug":"uruguay-entre-vinas","status":"publish","type":"post","link":"\/en\/news\/topics\/uruguay-entre-vinas\/","title":{"rendered":"Uruguay entre vi\u00f1as"},"content":{"rendered":"<p>We participated in \u201cUruguay entre Vi\u00f1as\u201d, a documentary series presented by renowned Uruguayan somellier Charlie Arturaola that shows the tradition and history of Uruguayan wine in a tour around 16 different wineries of the country.<\/p>\n<p>This show is broadcasted in all Latin America and Brazil, through the Food Network LATAM and Discovery Travel &amp; Living Channel (TLC), and on November 30<sup>th<\/sup> it will be aired on the <em>Canal 10<\/em> (Uruguay).<\/p>\n<p><iframe loading=\"lazy\" title=\"Uruguay entre vi\u00f1as - Bodega Garz\u00f3n\" width=\"1200\" height=\"675\" src=\"https:\/\/www.youtube.com\/embed\/2o086i70YzU?feature=oembed&#038;enablejsapi=1&#038;origin=https:\/\/bodegagarzon.com\" frameborder=\"0\" allow=\"accelerometer; autoplay; encrypted-media; gyroscope; picture-in-picture\" allowfullscreen><\/iframe><\/p>\n","protected":false},"excerpt":{"rendered":"<p>We participated in \u201cUruguay entre Vi\u00f1as\u201d, a documentary series hosted by renowned Uruguayan sommelier Charlie Arturaola, which features the tradition and history of Uruguayan wines, in a tour around 16 different wineries across our country.<\/p>\n","protected":false},"author":15,"featured_media":29057,"comment_status":"open","ping_status":"closed","sticky":false,"template":"","format":"standard","meta":{"inline_featured_image":false,"generate_page_header":""},"categories":[464],"tags":[],"acf":[],"yoast_head":"<!-- This site is optimized with the Yoast SEO plugin v19.1 - https:\/\/yoast.com\/wordpress\/plugins\/seo\/ -->\n<title>Uruguay entre vi\u00f1as<\/title>\n<meta name=\"description\" content=\"Uruguay entre vi\u00f1as en Bodega Garz\u00f3n. Descubre m\u00e1s en nuestra web BodegaGarzon.com\" \/>\n<meta name=\"robots\" content=\"index, follow, max-snippet:-1, max-image-preview:large, max-video-preview:-1\" \/>\n<link rel=\"canonical\" href=\"https:\/\/bodegagarzon.com\/en\/news\/topics\/uruguay-entre-vinas\/\" \/>\n<meta property=\"og:locale\" content=\"en_US\" \/>\n<meta property=\"og:type\" content=\"article\" \/>\n<meta property=\"og:title\" content=\"Uruguay entre vi\u00f1as\" \/>\n<meta property=\"og:description\" content=\"Uruguay entre vi\u00f1as en Bodega Garz\u00f3n. Descubre m\u00e1s en nuestra web BodegaGarzon.com\" \/>\n<meta property=\"og:url\" content=\"\/en\/news\/topics\/uruguay-entre-vinas\/\" \/>\n<meta property=\"og:site_name\" content=\"Bodega Garz\u00f3n\" \/>\n<meta property=\"article:publisher\" content=\"https:\/\/www.facebook.com\/ExperienciasGarzon\/\" \/>\n<meta property=\"article:published_time\" content=\"2019-07-15T19:41:27+00:00\" \/>\n<meta property=\"article:modified_time\" content=\"2019-11-14T17:20:04+00:00\" \/>\n<meta property=\"og:image\" content=\"https:\/\/bodegagarzon.com\/wp-content\/uploads\/2019\/07\/Captura-de-pantalla-2019-07-11-a-las-11.56.27.png\" \/>\n\t<meta property=\"og:image:width\" content=\"1290\" \/>\n\t<meta property=\"og:image:height\" content=\"765\" \/>\n\t<meta property=\"og:image:type\" content=\"image\/png\" \/>\n<meta name=\"twitter:card\" content=\"summary_large_image\" \/>\n<meta name=\"twitter:creator\" content=\"@BodegaGarzon\" \/>\n<meta name=\"twitter:site\" content=\"@BodegaGarzon\" \/>\n<meta name=\"twitter:label1\" content=\"Written by\" \/>\n\t<meta name=\"twitter:data1\" content=\"Mat\u00edas Guerreros\" \/>\n<script type=\"application\/ld+json\" class=\"yoast-schema-graph\">{\"@context\":\"https:\/\/schema.org\",\"@graph\":[{\"@type\":\"WebSite\",\"@id\":\"https:\/\/bodegagarzon.com\/es\/#website\",\"url\":\"https:\/\/bodegagarzon.com\/es\/\",\"name\":\"Bodega Garz\u00f3n\",\"description\":\"Exclusivos y aut\u00e9nticos vinos uruguayos\",\"potentialAction\":[{\"@type\":\"SearchAction\",\"target\":{\"@type\":\"EntryPoint\",\"urlTemplate\":\"https:\/\/bodegagarzon.com\/es\/?s={search_term_string}\"},\"query-input\":\"required name=search_term_string\"}],\"inLanguage\":\"en-US\"},{\"@type\":\"ImageObject\",\"inLanguage\":\"en-US\",\"@id\":\"https:\/\/bodegagarzon.com\/en\/news\/topics\/uruguay-entre-vinas\/#primaryimage\",\"url\":\"https:\/\/bodegagarzon.com\/wp-content\/uploads\/2019\/07\/Captura-de-pantalla-2019-07-11-a-las-11.56.27.png\",\"contentUrl\":\"https:\/\/bodegagarzon.com\/wp-content\/uploads\/2019\/07\/Captura-de-pantalla-2019-07-11-a-las-11.56.27.png\",\"width\":1290,\"height\":765,\"caption\":\"uruguay entre vi\u00f1as\"},{\"@type\":\"WebPage\",\"@id\":\"https:\/\/bodegagarzon.com\/en\/news\/topics\/uruguay-entre-vinas\/#webpage\",\"url\":\"https:\/\/bodegagarzon.com\/en\/news\/topics\/uruguay-entre-vinas\/\",\"name\":\"Uruguay entre vi\u00f1as\",\"isPartOf\":{\"@id\":\"https:\/\/bodegagarzon.com\/es\/#website\"},\"primaryImageOfPage\":{\"@id\":\"https:\/\/bodegagarzon.com\/en\/news\/topics\/uruguay-entre-vinas\/#primaryimage\"},\"datePublished\":\"2019-07-15T19:41:27+00:00\",\"dateModified\":\"2019-11-14T17:20:04+00:00\",\"author\":{\"@id\":\"https:\/\/bodegagarzon.com\/es\/#\/schema\/person\/5374fa733cac68c9449d39f8ab9b9e53\"},\"description\":\"Uruguay entre vi\u00f1as en Bodega Garz\u00f3n. Descubre m\u00e1s en nuestra web BodegaGarzon.com\",\"breadcrumb\":{\"@id\":\"https:\/\/bodegagarzon.com\/en\/news\/topics\/uruguay-entre-vinas\/#breadcrumb\"},\"inLanguage\":\"en-US\",\"potentialAction\":[{\"@type\":\"ReadAction\",\"target\":[\"https:\/\/bodegagarzon.com\/en\/news\/topics\/uruguay-entre-vinas\/\"]}]},{\"@type\":\"BreadcrumbList\",\"@id\":\"https:\/\/bodegagarzon.com\/en\/news\/topics\/uruguay-entre-vinas\/#breadcrumb\",\"itemListElement\":[{\"@type\":\"ListItem\",\"position\":1,\"name\":\"Uruguay entre vi\u00f1as\"}]},{\"@type\":\"Person\",\"@id\":\"https:\/\/bodegagarzon.com\/es\/#\/schema\/person\/5374fa733cac68c9449d39f8ab9b9e53\",\"name\":\"Mat\u00edas Guerreros\",\"image\":{\"@type\":\"ImageObject\",\"inLanguage\":\"en-US\",\"@id\":\"https:\/\/bodegagarzon.com\/es\/#\/schema\/person\/image\/\",\"url\":\"https:\/\/secure.gravatar.com\/avatar\/8e66c3de37c23832002fd9204bf4199f?s=96&d=mm&r=g\",\"contentUrl\":\"https:\/\/secure.gravatar.com\/avatar\/8e66c3de37c23832002fd9204bf4199f?s=96&d=mm&r=g\",\"caption\":\"Mat\u00edas Guerreros\"}}]}<\/script>\n<!-- \/ Yoast SEO plugin. -->","yoast_head_json":{"title":"Uruguay entre vi\u00f1as","description":"Uruguay entre vi\u00f1as en Bodega Garz\u00f3n. Descubre m\u00e1s en nuestra web BodegaGarzon.com","robots":{"index":"index","follow":"follow","max-snippet":"max-snippet:-1","max-image-preview":"max-image-preview:large","max-video-preview":"max-video-preview:-1"},"canonical":"https:\/\/bodegagarzon.com\/en\/news\/topics\/uruguay-entre-vinas\/","og_locale":"en_US","og_type":"article","og_title":"Uruguay entre vi\u00f1as","og_description":"Uruguay entre vi\u00f1as en Bodega Garz\u00f3n. Descubre m\u00e1s en nuestra web BodegaGarzon.com","og_url":"\/en\/news\/topics\/uruguay-entre-vinas\/","og_site_name":"Bodega Garz\u00f3n","article_publisher":"https:\/\/www.facebook.com\/ExperienciasGarzon\/","article_published_time":"2019-07-15T19:41:27+00:00","article_modified_time":"2019-11-14T17:20:04+00:00","og_image":[{"width":1290,"height":765,"url":"https:\/\/bodegagarzon.com\/wp-content\/uploads\/2019\/07\/Captura-de-pantalla-2019-07-11-a-las-11.56.27.png","type":"image\/png"}],"twitter_card":"summary_large_image","twitter_creator":"@BodegaGarzon","twitter_site":"@BodegaGarzon","twitter_misc":{"Written by":"Mat\u00edas Guerreros"},"schema":{"@context":"https:\/\/schema.org","@graph":[{"@type":"WebSite","@id":"https:\/\/bodegagarzon.com\/es\/#website","url":"https:\/\/bodegagarzon.com\/es\/","name":"Bodega Garz\u00f3n","description":"Exclusivos y aut\u00e9nticos vinos uruguayos","potentialAction":[{"@type":"SearchAction","target":{"@type":"EntryPoint","urlTemplate":"https:\/\/bodegagarzon.com\/es\/?s={search_term_string}"},"query-input":"required name=search_term_string"}],"inLanguage":"en-US"},{"@type":"ImageObject","inLanguage":"en-US","@id":"https:\/\/bodegagarzon.com\/en\/news\/topics\/uruguay-entre-vinas\/#primaryimage","url":"https:\/\/bodegagarzon.com\/wp-content\/uploads\/2019\/07\/Captura-de-pantalla-2019-07-11-a-las-11.56.27.png","contentUrl":"https:\/\/bodegagarzon.com\/wp-content\/uploads\/2019\/07\/Captura-de-pantalla-2019-07-11-a-las-11.56.27.png","width":1290,"height":765,"caption":"uruguay entre vi\u00f1as"},{"@type":"WebPage","@id":"https:\/\/bodegagarzon.com\/en\/news\/topics\/uruguay-entre-vinas\/#webpage","url":"https:\/\/bodegagarzon.com\/en\/news\/topics\/uruguay-entre-vinas\/","name":"Uruguay entre vi\u00f1as","isPartOf":{"@id":"https:\/\/bodegagarzon.com\/es\/#website"},"primaryImageOfPage":{"@id":"https:\/\/bodegagarzon.com\/en\/news\/topics\/uruguay-entre-vinas\/#primaryimage"},"datePublished":"2019-07-15T19:41:27+00:00","dateModified":"2019-11-14T17:20:04+00:00","author":{"@id":"https:\/\/bodegagarzon.com\/es\/#\/schema\/person\/5374fa733cac68c9449d39f8ab9b9e53"},"description":"Uruguay entre vi\u00f1as en Bodega Garz\u00f3n. Descubre m\u00e1s en nuestra web BodegaGarzon.com","breadcrumb":{"@id":"https:\/\/bodegagarzon.com\/en\/news\/topics\/uruguay-entre-vinas\/#breadcrumb"},"inLanguage":"en-US","potentialAction":[{"@type":"ReadAction","target":["https:\/\/bodegagarzon.com\/en\/news\/topics\/uruguay-entre-vinas\/"]}]},{"@type":"BreadcrumbList","@id":"https:\/\/bodegagarzon.com\/en\/news\/topics\/uruguay-entre-vinas\/#breadcrumb","itemListElement":[{"@type":"ListItem","position":1,"name":"Uruguay entre vi\u00f1as"}]},{"@type":"Person","@id":"https:\/\/bodegagarzon.com\/es\/#\/schema\/person\/5374fa733cac68c9449d39f8ab9b9e53","name":"Mat\u00edas Guerreros","image":{"@type":"ImageObject","inLanguage":"en-US","@id":"https:\/\/bodegagarzon.com\/es\/#\/schema\/person\/image\/","url":"https:\/\/secure.gravatar.com\/avatar\/8e66c3de37c23832002fd9204bf4199f?s=96&d=mm&r=g","contentUrl":"https:\/\/secure.gravatar.com\/avatar\/8e66c3de37c23832002fd9204bf4199f?s=96&d=mm&r=g","caption":"Mat\u00edas Guerreros"}}]}},"_links":{"self":[{"href":"https:\/\/bodegagarzon.com\/en\/wp-json\/wp\/v2\/posts\/29234"}],"collection":[{"href":"https:\/\/bodegagarzon.com\/en\/wp-json\/wp\/v2\/posts"}],"about":[{"href":"https:\/\/bodegagarzon.com\/en\/wp-json\/wp\/v2\/types\/post"}],"author":[{"embeddable":true,"href":"https:\/\/bodegagarzon.com\/en\/wp-json\/wp\/v2\/users\/15"}],"replies":[{"embeddable":true,"href":"https:\/\/bodegagarzon.com\/en\/wp-json\/wp\/v2\/comments?post=29234"}],"version-history":[{"count":3,"href":"https:\/\/bodegagarzon.com\/en\/wp-json\/wp\/v2\/posts\/29234\/revisions"}],"predecessor-version":[{"id":33939,"href":"https:\/\/bodegagarzon.com\/en\/wp-json\/wp\/v2\/posts\/29234\/revisions\/33939"}],"wp:featuredmedia":[{"embeddable":true,"href":"https:\/\/bodegagarzon.com\/en\/wp-json\/wp\/v2\/media\/29057"}],"wp:attachment":[{"href":"https:\/\/bodegagarzon.com\/en\/wp-json\/wp\/v2\/media?parent=29234"}],"wp:term":[{"taxonomy":"category","embeddable":true,"href":"https:\/\/bodegagarzon.com\/en\/wp-json\/wp\/v2\/categories?post=29234"},{"taxonomy":"post_tag","embeddable":true,"href":"https:\/\/bodegagarzon.com\/en\/wp-json\/wp\/v2\/tags?post=29234"}],"curies":[{"name":"wp","href":"https:\/\/api.w.org\/{rel}","templated":true}]}}